{"id":1751,"date":"2024-03-05T14:00:22","date_gmt":"2024-03-05T14:00:22","guid":{"rendered":"https:\/\/www.france-herboristerie.com\/actualites\/klette-phytotherapeutische-eigenschaften-nutzen-und-verwendung\/"},"modified":"2024-12-12T22:26:59","modified_gmt":"2024-12-12T22:26:59","slug":"klette-phytotherapeutische-eigenschaften-nutzen-und-verwendung","status":"publish","type":"post","link":"https:\/\/www.france-herboristerie.com\/actualites\/de\/klette-phytotherapeutische-eigenschaften-nutzen-und-verwendung\/","title":{"rendered":"Klette: Phytotherapeutische Eigenschaften, Nutzen und Verwendung"},"content":{"rendered":"<div class=\"background_article_haut\">\n  <div class=\"article_container\">\n    <section class=\"article_haut\">\n              <div class=\"img_article_container\">\n          <img decoding=\"async\"\n            class=\"image_article\"\n            src=\"https:\/\/www.france-herboristerie.com\/actualites\/wp-content\/uploads\/2024\/03\/bardane-racine-.jpg?format=webp\"\n            alt=\"\">\n        <\/div>\n            <div class=\"texte_container\">\n        <h1 class=\"titre_article\">Klette: Phytotherapeutische Eigenschaften, Nutzen und Verwendung<\/h1>\n        <div class=\"date_article\">\n          <time datetime=\"2024-03-05T14:00:22+00:00\" class=\"publication_date\">\n            5 M\u00e4rz 2024          <\/time>\n        <\/div>\n        <div class=\"texte_article\"><p><strong>Die Klette, das Wichtigste in drei Punkten:<\/strong><\/p>\n<p>-Erm\u00f6glicht die Aufrechterhaltung einer gesunden Leberfunktion -Erm\u00f6glicht die Verbesserung der Sch\u00f6nheit und Gesundheit der Haut durch seine Wirkung auf die Beseitigung von Toxinen -Beitrag zur Aufrechterhaltung eines normalen Blutzuckerspiegels<\/p>\n<p>&nbsp;<\/p>\n<p><!-- wp:paragraph --><\/p>\n<p><strong>Die Klette<\/strong><\/p>\n<p><!-- \/wp:paragraph --> <!-- wp:paragraph --><\/p>\n<p>Die Klette ist ein Wurzelgem\u00fcse, das heute immer h\u00e4ufiger in der K\u00fcche verwendet wird. Sie ist reich an N\u00e4hrstoffen und Wirkstoffen und wird auch in der Phytotherapie h\u00e4ufig verwendet. Aufgrund ihrer zahlreichen Vorteile werden die Extrakte der Pflanze in verschiedenen Formen konsumiert.  <\/p>\n<p><!-- \/wp:paragraph --><\/p>\n<\/div>\n      <\/div>\n    <\/section>\n  <\/div>\n<\/div><section class=\"article_champ\">\n  <div class=\"champ_container\">\n    <div class=\"champ_texte_article\"><p><strong>Wissenswertes \u00fcber die Klette<\/strong><\/p>\n<p>Die Klette ist eine h\u00e4ufig vorkommende Pflanze, die zur Familie der Korbbl\u00fctler (Asteraceae) geh\u00f6rt. Sie ist in Asien, Nordafrika und Europa beheimatet und w\u00e4chst wild auf Schuttpl\u00e4tzen und an Wegr\u00e4ndern. Die Klette hat den Vorteil, dass sie einfach zu kultivieren ist. Die Samen werden immer zwischen August und September in einen gut durchl\u00e4ssigen und idealerweise neutralen Boden ges\u00e4t. Die Wurzel kann erst im zweiten Jahr geerntet werden. Die Ernte erfolgt im Herbst, kurz bevor die Wurzel holzig wird. Die Klette ist zweij\u00e4hrig und w\u00e4chst in der Regel bis zu 1,50 m hoch. Der St\u00e4ngel ist leicht zu erkennen, da er verzweigt, aufrecht und \u00fcber seine gesamte L\u00e4nge gestreift ist. Die Bl\u00e4tter der Pflanze zeichnen sich durch ihre atypische, herzf\u00f6rmige Form aus. Sie sind vollst\u00e4ndig mit kleinen, scharfen Z\u00e4hnen besetzt, auf der Oberseite gr\u00fcn und auf der Unterseite wei\u00dflich. Die Bl\u00e4tter der Klette sind relativ gro\u00df und f\u00fchlen sich rau an. Zwischen Juli und August schm\u00fcckt sich die Klette mit purpurfarbenen Bl\u00fcten. Die Bl\u00fctenk\u00f6pfe sind zun\u00e4chst in Bl\u00fctenst\u00e4nden angeordnet und nehmen bei der Reife die Form von Kugeln an. Diese Kugeln sind vollst\u00e4ndig mit Hochbl\u00e4ttern bedeckt, die in hakigen Spitzen enden. Diese Spitzen h\u00e4ngen oft an der Kleidung und dem Fell von Tieren. Die Fr\u00fcchte der Klette haben die Form von N\u00fcsschen, die mit wei\u00dfen Haaren besetzt sind. Im Allgemeinen \u00e4hnelt die Klette vage anderen Pflanzenarten, wie z.B. der Mariendistel. Die beiden Pflanzen sind sich sowohl im Aussehen als auch in der Farbe der Bl\u00fcten sehr \u00e4hnlich.     <\/p>\n<p>&nbsp;<\/p>\n<\/div>\n  <\/div>\n<\/section><section class=\"article_champ\">\n  <div class=\"champ_container\">\n    <div class=\"champ_texte_article\"><p><strong>Erfahren Sie mehr \u00fcber die Zusammensetzung und die verschiedenen Verwendungsm\u00f6glichkeiten der Klette.<\/strong><\/p>\n<p>Die Klette hat eine Formel, die von Natur aus reich an Wirkstoffen ist. Sie enth\u00e4lt Schleim, Proteine und Mineralien, einschlie\u00dflich Phosphor, Kalium und Kalzium. Einige Verbindungen sind jedoch nur in bestimmten Teilen der Pflanze vorhanden. Dies ist zum Beispiel der Fall bei Inulin, das in der Klettenwurzel enthalten ist. Inulin ist ein Kohlenhydrat, das im Darm nicht verdaut werden kann. Dar\u00fcber hinaus enthalten die Bl\u00e4tter der Pflanze einen guten Gehalt an Vitamin C. All diese aktiven Elemente machen die Klette zu einer wertvollen Zutat in der K\u00fcche. Die fleischigen Wurzeln dieser Pflanze k\u00f6nnen auf verschiedene Arten verzehrt werden. Beispielsweise k\u00f6nnen Sie die Wurzeln mit anderen Gem\u00fcsesorten kombinieren und roh essen. Die St\u00e4ngel der Klette k\u00f6nnen auch gesch\u00e4lt und in Wasser oder Dampf gekocht werden. Der Geschmack der Wurzeln und St\u00e4ngel der Pflanze erinnert an den Geschmack eines anderen Gem\u00fcses, der Artischocke. Die Bl\u00e4tter der Klette eignen sich auch hervorragend f\u00fcr Salate. Wie Spinat werden die Bl\u00e4tter in vielen Suppen- und Auflaufrezepten verwendet. Neben ihrer \u00fcblichen Verwendung in der K\u00fcche ist die Klette auch ein Star in der Phytotherapie. Die in der Pflanze enthaltenen Wirkstoffe wirken synergetisch, um den nat\u00fcrlichen Verdauungsprozess zu unterst\u00fctzen. Diese Verbindungen helfen, das Blut zu reinigen und die Ausscheidung von Giftstoffen aus dem K\u00f6rper zu f\u00f6rdern. Sie optimieren auch die Wasserausscheidung \u00fcber die Nieren und tragen zu einer guten Funktion der Harnwege bei. Dar\u00fcber hinaus sind die Inhaltsstoffe der Klette f\u00fcr das Gleichgewicht des Glukosespiegels im Blut unerl\u00e4sslich. Sie tragen auch zur Gesundheit der Haut bei, indem sie insbesondere die Bildung von freien Radikalen verhindern. Schlie\u00dflich tr\u00e4gt die synergetische Wirkung der Aktivstoffe der Klette zur Optimierung der nat\u00fcrlichen Abwehrsysteme des Organismus bei. Je nach Geschmack und Lust k\u00f6nnen Sie die Klette auf unterschiedliche Weise zu sich nehmen. Tats\u00e4chlich werden die Extrakte der Pflanze heute in sehr unterschiedlichen Formaten angeboten. Sie sind in Form von Tabletten, Kapseln, Packungen und auch als Pulver f\u00fcr Kr\u00e4utertees erh\u00e4ltlich. Es wird jedoch dringend empfohlen, dass Sie sich immer an die Dosierung und die Dauer der Kur halten. Im Zweifelsfall sollten Sie einen Phytotherapeuten oder Ihren behandelnden Arzt um Rat fragen. Eine abwechslungsreiche, ausgewogene Ern\u00e4hrung und ein gesunder Lebensstil sind ebenfalls empfehlenswert. Dies gilt sowohl w\u00e4hrend als auch nach der Kur f\u00fcr Ihre Gesundheit und Ihr t\u00e4gliches Wohlbefinden.     <\/p>\n<\/div>\n  <\/div>\n<\/section><div class=\"background_article_haut\">\n  <div class=\"article_container\">\n    <section class=\"article_haut\">\n              <div class=\"img_article_container\">\n          <img decoding=\"async\"\n            class=\"image_article image-article-section\"\n            src=\"https:\/\/www.france-herboristerie.com\/actualites\/wp-content\/uploads\/2024\/03\/bardane-midi-racine-ct-100-grs-vrac-arctium-majus.jpg?format=webp\"\n            alt=\"\">\n        <\/div>\n            <div class=\"texte_container\">\n        <h2 class=\"titre_article\">Unsere France-Herboristerie-Produkte bestehend aus Klette :<\/h2>\n        <div class=\"texte_article\"><p><!-- wp:paragraph -->-Kr\u00e4utertee Klettenwurzel: <a href=\"https:\/\/www.france-herboristerie.com\/tisanes-plantes-simples\/356468-bardane-midi-racine-ct-100-grs-vrac-arctium-majus-3701220705986.html?search_query=bardane&amp;results=32\">100 Gramm<\/a>, <a href=\"https:\/\/www.france-herboristerie.com\/tisanes-plantes-simples\/357110-bardane-midi-racine-ct-100-grs-vrac-arctium-majus-3701220705993.html?search_query=bardane&amp;results=32\">250 Gramm<\/a>, <a href=\"https:\/\/www.france-herboristerie.com\/tisanes-plantes-simples\/357111-bardane-midi-racine-ct-100-grs-vrac-arctium-majus-3701220705979.html?search_query=bardane&amp;results=32\">1kg<\/a><\/p>\n<p><!-- \/wp:paragraph --><!-- wp:paragraph -->-Kr\u00e4utertee Klettenbl\u00e4tter: <a href=\"https:\/\/www.france-herboristerie.com\/tisanes-plantes-simples\/81168-bardane-midi-feuille-ct-100-g-arctium-majus-3701220705955.html?search_query=bardane&amp;results=32\">100 Gramm<\/a>, <a href=\"https:\/\/www.france-herboristerie.com\/tisanes-plantes-simples\/357108-bardane-midi-feuille-ct-100-g-arctium-majus-3701220705962.html?search_query=bardane&amp;results=32\">250 Gramm<\/a>, <a href=\"https:\/\/www.france-herboristerie.com\/tisanes-plantes-simples\/357109-bardane-midi-feuille-ct-100-g-arctium-majus-3701220705948.html?search_query=bardane&amp;results=32\">1kg<\/a><\/p>\n<p><!-- \/wp:paragraph --><!-- wp:paragraph -->Klettenwurzel-Kapseln: <a href=\"https:\/\/www.france-herboristerie.com\/gelules-plantes-simples\/356132-gelules-bardane-racine-220-mg-120-gelules-3700216230174.html?search_query=bardane&amp;results=32\">100<\/a> Kapseln, <a href=\"https:\/\/www.france-herboristerie.com\/gelules-plantes-simples\/357494-gelules-bardane-racine-220-mg-120-gelules-3700216230181.html?search_query=bardane&amp;results=32\">200 Kapseln<\/a>, <a href=\"https:\/\/www.france-herboristerie.com\/gelules-bio-ab-certifiees-ecocert\/356975-gelules-bardane-racine-220-mg-120-gelules-3700216227365.html?search_query=bardane&amp;results=32\">200 Kapseln BIO<\/a><\/p>\n<p><!-- \/wp:paragraph --><!-- wp:paragraph -->-Klette Tabletten: <a href=\"https:\/\/www.france-herboristerie.com\/comprimes-bio-ab-certifies-ecocert\/357015-gelules-bardane-racine-220-mg-120-gelules-3700216208340.html?search_query=bardane&amp;results=32\">120 Tabletten<\/a>, <a href=\"https:\/\/www.france-herboristerie.com\/comprimes-bio-ab-certifies-ecocert\/357573-gelules-bardane-racine-220-mg-120-gelules-3700216208043.html?search_query=bardane&amp;results=32\">200 Tabletten<\/a><\/p>\n<p><!-- \/wp:paragraph --><\/p>\n<p><!-- wp:paragraph --><strong>Wenn Sie Fragen zu unseren Produkten haben, kontaktieren Sie uns bitte unter 0384763406!  <\/strong><\/p>\n<p><!-- \/wp:paragraph --><\/p>\n<p><!-- wp:paragraph --><\/p>\n<!-- \/wp:paragraph --><\/div>\n      <\/div>\n    <\/section>\n  <\/div>\n<\/div>","protected":false},"excerpt":{"rendered":"<p>Die Klette ist ein Wurzelgem\u00fcse, das heute immer h\u00e4ufiger in der K\u00fcche verwendet wird. Sie ist reich an N\u00e4hrstoffen und Wirkstoffen und wird auch in der Phytotherapie h\u00e4ufig verwendet. Aufgrund ihrer zahlreichen Vorteile werden die Extrakte der Pflanze in verschiedenen Formen konsumiert.    <\/p>\n","protected":false},"author":4,"featured_media":960,"comment_status":"open","ping_status":"open","sticky":false,"template":"","format":"standard","meta":{"_acf_changed":false,"footnotes":""},"categories":[233,453,234],"tags":[455,454,256],"class_list":["post-1751","post","type-post","status-publish","format-standard","has-post-thumbnail","hentry","category-gesundheit-und-wohlbefinden","category-haut-nagel-haare","category-leber-und-verdauung","tag-haut","tag-klette","tag-tipps-zur-verwendung"],"acf":[],"yoast_head":"<!-- This site is optimized with the Yoast SEO plugin v26.4 - https:\/\/yoast.com\/wordpress\/plugins\/seo\/ -->\n<title>Klette: Phytotherapeutische Eigenschaften, Nutzen und Verwendung<\/title>\n<meta name=\"robots\" content=\"index, follow, max-snippet:-1, max-image-preview:large, max-video-preview:-1\" \/>\n<link rel=\"canonical\" href=\"https:\/\/www.france-herboristerie.com\/actualites\/de\/klette-phytotherapeutische-eigenschaften-nutzen-und-verwendung\/\" \/>\n<meta property=\"og:locale\" content=\"de_DE\" \/>\n<meta property=\"og:type\" content=\"article\" \/>\n<meta property=\"og:title\" content=\"Klette: Phytotherapeutische Eigenschaften, Nutzen und Verwendung\" \/>\n<meta property=\"og:description\" content=\"Die Klette ist ein Wurzelgem\u00fcse, das heute immer h\u00e4ufiger in der K\u00fcche verwendet wird. Sie ist reich an N\u00e4hrstoffen und Wirkstoffen und wird auch in der Phytotherapie h\u00e4ufig verwendet. Aufgrund ihrer zahlreichen Vorteile werden die Extrakte der Pflanze in verschiedenen Formen konsumiert.\" \/>\n<meta property=\"og:url\" content=\"https:\/\/www.france-herboristerie.com\/actualites\/de\/klette-phytotherapeutische-eigenschaften-nutzen-und-verwendung\/\" \/>\n<meta property=\"og:site_name\" content=\"Blog France Herboristerie\" \/>\n<meta property=\"article:publisher\" content=\"https:\/\/www.facebook.com\/franceherboristerie\/\" \/>\n<meta property=\"article:published_time\" content=\"2024-03-05T14:00:22+00:00\" \/>\n<meta property=\"article:modified_time\" content=\"2024-12-12T22:26:59+00:00\" \/>\n<meta property=\"og:image\" content=\"https:\/\/www.france-herboristerie.com\/actualites\/wp-content\/uploads\/2024\/03\/bardane-midi-racine-ct-100-grs-vrac-arctium-majus.jpg\" \/>\n\t<meta property=\"og:image:width\" content=\"800\" \/>\n\t<meta property=\"og:image:height\" content=\"800\" \/>\n\t<meta property=\"og:image:type\" content=\"image\/jpeg\" \/>\n<meta name=\"author\" content=\"Beytullah\" \/>\n<meta name=\"twitter:card\" content=\"summary_large_image\" \/>\n<meta name=\"twitter:label1\" content=\"Verfasst von\" \/>\n\t<meta name=\"twitter:data1\" content=\"Beytullah\" \/>\n<script type=\"application\/ld+json\" class=\"yoast-schema-graph\">{\"@context\":\"https:\/\/schema.org\",\"@graph\":[{\"@type\":\"Article\",\"@id\":\"https:\/\/www.france-herboristerie.com\/actualites\/de\/klette-phytotherapeutische-eigenschaften-nutzen-und-verwendung\/#article\",\"isPartOf\":{\"@id\":\"https:\/\/www.france-herboristerie.com\/actualites\/de\/klette-phytotherapeutische-eigenschaften-nutzen-und-verwendung\/\"},\"author\":{\"name\":\"Beytullah\",\"@id\":\"https:\/\/www.france-herboristerie.com\/actualites\/de\/#\/schema\/person\/02351314d0ae52e0c64ef717d549bb43\"},\"headline\":\"Klette: Phytotherapeutische Eigenschaften, Nutzen und Verwendung\",\"datePublished\":\"2024-03-05T14:00:22+00:00\",\"dateModified\":\"2024-12-12T22:26:59+00:00\",\"mainEntityOfPage\":{\"@id\":\"https:\/\/www.france-herboristerie.com\/actualites\/de\/klette-phytotherapeutische-eigenschaften-nutzen-und-verwendung\/\"},\"wordCount\":6,\"commentCount\":0,\"publisher\":{\"@id\":\"https:\/\/www.france-herboristerie.com\/actualites\/de\/#organization\"},\"image\":{\"@id\":\"https:\/\/www.france-herboristerie.com\/actualites\/de\/klette-phytotherapeutische-eigenschaften-nutzen-und-verwendung\/#primaryimage\"},\"thumbnailUrl\":\"https:\/\/www.france-herboristerie.com\/actualites\/wp-content\/uploads\/2024\/03\/bardane-midi-racine-ct-100-grs-vrac-arctium-majus.jpg\",\"keywords\":[\"Haut\",\"Klette\",\"Tipps zur Verwendung\"],\"articleSection\":[\"Gesundheit und Wohlbefinden\",\"Haut, N\u00e4gel &amp; Haare\",\"Leber und Verdauung\"],\"inLanguage\":\"de\",\"potentialAction\":[{\"@type\":\"CommentAction\",\"name\":\"Comment\",\"target\":[\"https:\/\/www.france-herboristerie.com\/actualites\/de\/klette-phytotherapeutische-eigenschaften-nutzen-und-verwendung\/#respond\"]}]},{\"@type\":\"WebPage\",\"@id\":\"https:\/\/www.france-herboristerie.com\/actualites\/de\/klette-phytotherapeutische-eigenschaften-nutzen-und-verwendung\/\",\"url\":\"https:\/\/www.france-herboristerie.com\/actualites\/de\/klette-phytotherapeutische-eigenschaften-nutzen-und-verwendung\/\",\"name\":\"Klette: Phytotherapeutische Eigenschaften, Nutzen und Verwendung\",\"isPartOf\":{\"@id\":\"https:\/\/www.france-herboristerie.com\/actualites\/de\/#website\"},\"primaryImageOfPage\":{\"@id\":\"https:\/\/www.france-herboristerie.com\/actualites\/de\/klette-phytotherapeutische-eigenschaften-nutzen-und-verwendung\/#primaryimage\"},\"image\":{\"@id\":\"https:\/\/www.france-herboristerie.com\/actualites\/de\/klette-phytotherapeutische-eigenschaften-nutzen-und-verwendung\/#primaryimage\"},\"thumbnailUrl\":\"https:\/\/www.france-herboristerie.com\/actualites\/wp-content\/uploads\/2024\/03\/bardane-midi-racine-ct-100-grs-vrac-arctium-majus.jpg\",\"datePublished\":\"2024-03-05T14:00:22+00:00\",\"dateModified\":\"2024-12-12T22:26:59+00:00\",\"breadcrumb\":{\"@id\":\"https:\/\/www.france-herboristerie.com\/actualites\/de\/klette-phytotherapeutische-eigenschaften-nutzen-und-verwendung\/#breadcrumb\"},\"inLanguage\":\"de\",\"potentialAction\":[{\"@type\":\"ReadAction\",\"target\":[\"https:\/\/www.france-herboristerie.com\/actualites\/de\/klette-phytotherapeutische-eigenschaften-nutzen-und-verwendung\/\"]}]},{\"@type\":\"ImageObject\",\"inLanguage\":\"de\",\"@id\":\"https:\/\/www.france-herboristerie.com\/actualites\/de\/klette-phytotherapeutische-eigenschaften-nutzen-und-verwendung\/#primaryimage\",\"url\":\"https:\/\/www.france-herboristerie.com\/actualites\/wp-content\/uploads\/2024\/03\/bardane-midi-racine-ct-100-grs-vrac-arctium-majus.jpg\",\"contentUrl\":\"https:\/\/www.france-herboristerie.com\/actualites\/wp-content\/uploads\/2024\/03\/bardane-midi-racine-ct-100-grs-vrac-arctium-majus.jpg\",\"width\":800,\"height\":800},{\"@type\":\"BreadcrumbList\",\"@id\":\"https:\/\/www.france-herboristerie.com\/actualites\/de\/klette-phytotherapeutische-eigenschaften-nutzen-und-verwendung\/#breadcrumb\",\"itemListElement\":[{\"@type\":\"ListItem\",\"position\":1,\"name\":\"Blog\",\"item\":\"https:\/\/www.france-herboristerie.com\/actualites\/de\/\"},{\"@type\":\"ListItem\",\"position\":2,\"name\":\"Klette: Phytotherapeutische Eigenschaften, Nutzen und Verwendung\"}]},{\"@type\":\"WebSite\",\"@id\":\"https:\/\/www.france-herboristerie.com\/actualites\/de\/#website\",\"url\":\"https:\/\/www.france-herboristerie.com\/actualites\/de\/\",\"name\":\"Le Blog de France Herboristerie\",\"description\":\"\",\"publisher\":{\"@id\":\"https:\/\/www.france-herboristerie.com\/actualites\/de\/#organization\"},\"potentialAction\":[{\"@type\":\"SearchAction\",\"target\":{\"@type\":\"EntryPoint\",\"urlTemplate\":\"https:\/\/www.france-herboristerie.com\/actualites\/de\/?s={search_term_string}\"},\"query-input\":{\"@type\":\"PropertyValueSpecification\",\"valueRequired\":true,\"valueName\":\"search_term_string\"}}],\"inLanguage\":\"de\"},{\"@type\":\"Organization\",\"@id\":\"https:\/\/www.france-herboristerie.com\/actualites\/de\/#organization\",\"name\":\"France Herboristerie\",\"url\":\"https:\/\/www.france-herboristerie.com\/actualites\/de\/\",\"logo\":{\"@type\":\"ImageObject\",\"inLanguage\":\"de\",\"@id\":\"https:\/\/www.france-herboristerie.com\/actualites\/de\/#\/schema\/logo\/image\/\",\"url\":\"https:\/\/www.france-herboristerie.com\/actualites\/wp-content\/uploads\/2025\/01\/logo-FH.png\",\"contentUrl\":\"https:\/\/www.france-herboristerie.com\/actualites\/wp-content\/uploads\/2025\/01\/logo-FH.png\",\"width\":2278,\"height\":476,\"caption\":\"France Herboristerie\"},\"image\":{\"@id\":\"https:\/\/www.france-herboristerie.com\/actualites\/de\/#\/schema\/logo\/image\/\"},\"sameAs\":[\"https:\/\/www.facebook.com\/franceherboristerie\/\",\"https:\/\/www.instagram.com\/france_herboristerie\/\",\"https:\/\/fr.linkedin.com\/company\/france-herboristerie\"]},{\"@type\":\"Person\",\"@id\":\"https:\/\/www.france-herboristerie.com\/actualites\/de\/#\/schema\/person\/02351314d0ae52e0c64ef717d549bb43\",\"name\":\"Beytullah\",\"url\":\"https:\/\/www.france-herboristerie.com\/actualites\/de\/author\/beytullah\/\"}]}<\/script>\n<!-- \/ Yoast SEO plugin. -->","yoast_head_json":{"title":"Klette: Phytotherapeutische Eigenschaften, Nutzen und Verwendung","robots":{"index":"index","follow":"follow","max-snippet":"max-snippet:-1","max-image-preview":"max-image-preview:large","max-video-preview":"max-video-preview:-1"},"canonical":"https:\/\/www.france-herboristerie.com\/actualites\/de\/klette-phytotherapeutische-eigenschaften-nutzen-und-verwendung\/","og_locale":"de_DE","og_type":"article","og_title":"Klette: Phytotherapeutische Eigenschaften, Nutzen und Verwendung","og_description":"Die Klette ist ein Wurzelgem\u00fcse, das heute immer h\u00e4ufiger in der K\u00fcche verwendet wird. Sie ist reich an N\u00e4hrstoffen und Wirkstoffen und wird auch in der Phytotherapie h\u00e4ufig verwendet. Aufgrund ihrer zahlreichen Vorteile werden die Extrakte der Pflanze in verschiedenen Formen konsumiert.","og_url":"https:\/\/www.france-herboristerie.com\/actualites\/de\/klette-phytotherapeutische-eigenschaften-nutzen-und-verwendung\/","og_site_name":"Blog France Herboristerie","article_publisher":"https:\/\/www.facebook.com\/franceherboristerie\/","article_published_time":"2024-03-05T14:00:22+00:00","article_modified_time":"2024-12-12T22:26:59+00:00","og_image":[{"width":800,"height":800,"url":"https:\/\/www.france-herboristerie.com\/actualites\/wp-content\/uploads\/2024\/03\/bardane-midi-racine-ct-100-grs-vrac-arctium-majus.jpg","type":"image\/jpeg"}],"author":"Beytullah","twitter_card":"summary_large_image","twitter_misc":{"Verfasst von":"Beytullah"},"schema":{"@context":"https:\/\/schema.org","@graph":[{"@type":"Article","@id":"https:\/\/www.france-herboristerie.com\/actualites\/de\/klette-phytotherapeutische-eigenschaften-nutzen-und-verwendung\/#article","isPartOf":{"@id":"https:\/\/www.france-herboristerie.com\/actualites\/de\/klette-phytotherapeutische-eigenschaften-nutzen-und-verwendung\/"},"author":{"name":"Beytullah","@id":"https:\/\/www.france-herboristerie.com\/actualites\/de\/#\/schema\/person\/02351314d0ae52e0c64ef717d549bb43"},"headline":"Klette: Phytotherapeutische Eigenschaften, Nutzen und Verwendung","datePublished":"2024-03-05T14:00:22+00:00","dateModified":"2024-12-12T22:26:59+00:00","mainEntityOfPage":{"@id":"https:\/\/www.france-herboristerie.com\/actualites\/de\/klette-phytotherapeutische-eigenschaften-nutzen-und-verwendung\/"},"wordCount":6,"commentCount":0,"publisher":{"@id":"https:\/\/www.france-herboristerie.com\/actualites\/de\/#organization"},"image":{"@id":"https:\/\/www.france-herboristerie.com\/actualites\/de\/klette-phytotherapeutische-eigenschaften-nutzen-und-verwendung\/#primaryimage"},"thumbnailUrl":"https:\/\/www.france-herboristerie.com\/actualites\/wp-content\/uploads\/2024\/03\/bardane-midi-racine-ct-100-grs-vrac-arctium-majus.jpg","keywords":["Haut","Klette","Tipps zur Verwendung"],"articleSection":["Gesundheit und Wohlbefinden","Haut, N\u00e4gel &amp; Haare","Leber und Verdauung"],"inLanguage":"de","potentialAction":[{"@type":"CommentAction","name":"Comment","target":["https:\/\/www.france-herboristerie.com\/actualites\/de\/klette-phytotherapeutische-eigenschaften-nutzen-und-verwendung\/#respond"]}]},{"@type":"WebPage","@id":"https:\/\/www.france-herboristerie.com\/actualites\/de\/klette-phytotherapeutische-eigenschaften-nutzen-und-verwendung\/","url":"https:\/\/www.france-herboristerie.com\/actualites\/de\/klette-phytotherapeutische-eigenschaften-nutzen-und-verwendung\/","name":"Klette: Phytotherapeutische Eigenschaften, Nutzen und Verwendung","isPartOf":{"@id":"https:\/\/www.france-herboristerie.com\/actualites\/de\/#website"},"primaryImageOfPage":{"@id":"https:\/\/www.france-herboristerie.com\/actualites\/de\/klette-phytotherapeutische-eigenschaften-nutzen-und-verwendung\/#primaryimage"},"image":{"@id":"https:\/\/www.france-herboristerie.com\/actualites\/de\/klette-phytotherapeutische-eigenschaften-nutzen-und-verwendung\/#primaryimage"},"thumbnailUrl":"https:\/\/www.france-herboristerie.com\/actualites\/wp-content\/uploads\/2024\/03\/bardane-midi-racine-ct-100-grs-vrac-arctium-majus.jpg","datePublished":"2024-03-05T14:00:22+00:00","dateModified":"2024-12-12T22:26:59+00:00","breadcrumb":{"@id":"https:\/\/www.france-herboristerie.com\/actualites\/de\/klette-phytotherapeutische-eigenschaften-nutzen-und-verwendung\/#breadcrumb"},"inLanguage":"de","potentialAction":[{"@type":"ReadAction","target":["https:\/\/www.france-herboristerie.com\/actualites\/de\/klette-phytotherapeutische-eigenschaften-nutzen-und-verwendung\/"]}]},{"@type":"ImageObject","inLanguage":"de","@id":"https:\/\/www.france-herboristerie.com\/actualites\/de\/klette-phytotherapeutische-eigenschaften-nutzen-und-verwendung\/#primaryimage","url":"https:\/\/www.france-herboristerie.com\/actualites\/wp-content\/uploads\/2024\/03\/bardane-midi-racine-ct-100-grs-vrac-arctium-majus.jpg","contentUrl":"https:\/\/www.france-herboristerie.com\/actualites\/wp-content\/uploads\/2024\/03\/bardane-midi-racine-ct-100-grs-vrac-arctium-majus.jpg","width":800,"height":800},{"@type":"BreadcrumbList","@id":"https:\/\/www.france-herboristerie.com\/actualites\/de\/klette-phytotherapeutische-eigenschaften-nutzen-und-verwendung\/#breadcrumb","itemListElement":[{"@type":"ListItem","position":1,"name":"Blog","item":"https:\/\/www.france-herboristerie.com\/actualites\/de\/"},{"@type":"ListItem","position":2,"name":"Klette: Phytotherapeutische Eigenschaften, Nutzen und Verwendung"}]},{"@type":"WebSite","@id":"https:\/\/www.france-herboristerie.com\/actualites\/de\/#website","url":"https:\/\/www.france-herboristerie.com\/actualites\/de\/","name":"Le Blog de France Herboristerie","description":"","publisher":{"@id":"https:\/\/www.france-herboristerie.com\/actualites\/de\/#organization"},"potentialAction":[{"@type":"SearchAction","target":{"@type":"EntryPoint","urlTemplate":"https:\/\/www.france-herboristerie.com\/actualites\/de\/?s={search_term_string}"},"query-input":{"@type":"PropertyValueSpecification","valueRequired":true,"valueName":"search_term_string"}}],"inLanguage":"de"},{"@type":"Organization","@id":"https:\/\/www.france-herboristerie.com\/actualites\/de\/#organization","name":"France Herboristerie","url":"https:\/\/www.france-herboristerie.com\/actualites\/de\/","logo":{"@type":"ImageObject","inLanguage":"de","@id":"https:\/\/www.france-herboristerie.com\/actualites\/de\/#\/schema\/logo\/image\/","url":"https:\/\/www.france-herboristerie.com\/actualites\/wp-content\/uploads\/2025\/01\/logo-FH.png","contentUrl":"https:\/\/www.france-herboristerie.com\/actualites\/wp-content\/uploads\/2025\/01\/logo-FH.png","width":2278,"height":476,"caption":"France Herboristerie"},"image":{"@id":"https:\/\/www.france-herboristerie.com\/actualites\/de\/#\/schema\/logo\/image\/"},"sameAs":["https:\/\/www.facebook.com\/franceherboristerie\/","https:\/\/www.instagram.com\/france_herboristerie\/","https:\/\/fr.linkedin.com\/company\/france-herboristerie"]},{"@type":"Person","@id":"https:\/\/www.france-herboristerie.com\/actualites\/de\/#\/schema\/person\/02351314d0ae52e0c64ef717d549bb43","name":"Beytullah","url":"https:\/\/www.france-herboristerie.com\/actualites\/de\/author\/beytullah\/"}]}},"_links":{"self":[{"href":"https:\/\/www.france-herboristerie.com\/actualites\/de\/wp-json\/wp\/v2\/posts\/1751","targetHints":{"allow":["GET"]}}],"collection":[{"href":"https:\/\/www.france-herboristerie.com\/actualites\/de\/wp-json\/wp\/v2\/posts"}],"about":[{"href":"https:\/\/www.france-herboristerie.com\/actualites\/de\/wp-json\/wp\/v2\/types\/post"}],"author":[{"embeddable":true,"href":"https:\/\/www.france-herboristerie.com\/actualites\/de\/wp-json\/wp\/v2\/users\/4"}],"replies":[{"embeddable":true,"href":"https:\/\/www.france-herboristerie.com\/actualites\/de\/wp-json\/wp\/v2\/comments?post=1751"}],"version-history":[{"count":1,"href":"https:\/\/www.france-herboristerie.com\/actualites\/de\/wp-json\/wp\/v2\/posts\/1751\/revisions"}],"predecessor-version":[{"id":1753,"href":"https:\/\/www.france-herboristerie.com\/actualites\/de\/wp-json\/wp\/v2\/posts\/1751\/revisions\/1753"}],"wp:featuredmedia":[{"embeddable":true,"href":"https:\/\/www.france-herboristerie.com\/actualites\/de\/wp-json\/wp\/v2\/media\/960"}],"wp:attachment":[{"href":"https:\/\/www.france-herboristerie.com\/actualites\/de\/wp-json\/wp\/v2\/media?parent=1751"}],"wp:term":[{"taxonomy":"category","embeddable":true,"href":"https:\/\/www.france-herboristerie.com\/actualites\/de\/wp-json\/wp\/v2\/categories?post=1751"},{"taxonomy":"post_tag","embeddable":true,"href":"https:\/\/www.france-herboristerie.com\/actualites\/de\/wp-json\/wp\/v2\/tags?post=1751"}],"curies":[{"name":"wp","href":"https:\/\/api.w.org\/{rel}","templated":true}]}}