{"id":1519,"date":"2024-06-11T09:57:00","date_gmt":"2024-06-11T09:57:00","guid":{"rendered":"https:\/\/www.france-herboristerie.com\/actualites\/que-plantas-medicinales-debes-cultivar-en-tu-jardin-en-primavera\/"},"modified":"2024-12-10T16:05:32","modified_gmt":"2024-12-10T16:05:32","slug":"que-plantas-medicinales-debes-cultivar-en-tu-jardin-en-primavera","status":"publish","type":"post","link":"https:\/\/www.france-herboristerie.com\/actualites\/es\/que-plantas-medicinales-debes-cultivar-en-tu-jardin-en-primavera\/","title":{"rendered":"\u00bfQu\u00e9 plantas medicinales debes cultivar en tu jard\u00edn en primavera?"},"content":{"rendered":"<div class=\"background_article_haut\">\n  <div class=\"article_container\">\n    <section class=\"article_haut\">\n              <div class=\"img_article_container\">\n          <img decoding=\"async\"\n            class=\"image_article\"\n            src=\"https:\/\/www.france-herboristerie.com\/actualites\/wp-content\/uploads\/2024\/06\/jardin.jpg?format=webp\"\n            alt=\"\">\n        <\/div>\n            <div class=\"texte_container\">\n        <h1 class=\"titre_article\">Plantas medicinales para cultivar en tu jard\u00edn esta primavera: consejos pr\u00e1cticos y trucos de jardiner\u00eda<\/h1>\n        <div class=\"date_article\">\n          <time datetime=\"2024-06-11T09:57:00+00:00\" class=\"publication_date\">\n            11 junio 2024          <\/time>\n        <\/div>\n        <div class=\"texte_article\"><p><!-- wp:paragraph --><\/p>\n<p><strong>Esta primavera, ponte a crear tu propio huerto medicinal y descubre las alegr\u00edas de cultivar plantas con propiedades beneficiosas.<\/strong><\/p>\n<p><!-- \/wp:paragraph --> <!-- wp:paragraph -->  Es una aventura emocionante y gratificante que seguro inspirar\u00e1 a todos los amantes de la jardiner\u00eda y el bienestar natural.  <!-- \/wp:paragraph --> <!-- wp:paragraph -->  Con la vuelta del buen tiempo, la primavera es el momento ideal para iniciar o enriquecer tu jard\u00edn de plantas medicinales.  <strong>Cultivar estas plantas en casa no s\u00f3lo realza la belleza de tu espacio exterior, sino que tambi\u00e9n te permite beneficiarte a diario de sus propiedades terap\u00e9uticas.<\/strong><\/p>\n<p><!-- \/wp:paragraph --> <!-- wp:paragraph --><\/p>\n<p><em>He aqu\u00ed una gu\u00eda pr\u00e1ctica para elegir, plantar y cuidar las mejores plantas medicinales en tu jard\u00edn.<\/em><\/p>\n<p><!-- \/wp:paragraph --><\/p>\n<\/div>\n      <\/div>\n    <\/section>\n  <\/div>\n<\/div><div class=\"background_article_haut\">\n  <div class=\"article_container\">\n    <section class=\"article_haut\">\n              <div class=\"img_article_container\">\n          <img decoding=\"async\"\n            class=\"image_article image-article-section\"\n            src=\"https:\/\/www.france-herboristerie.com\/actualites\/wp-content\/uploads\/2024\/06\/camomille.jpg?format=webp\"\n            alt=\"camomille\">\n        <\/div>\n            <div class=\"texte_container\">\n        <h2 class=\"titre_article\">1. Manzanilla (Matricaria chamomilla)<\/h2>\n        <div class=\"texte_article\"><p><strong><em>Propiedades : <\/em><\/strong><em>Calmante, antiinflamatorio y digestivo.<\/em><em><strong>Consejos de cultivo :<\/strong><\/em> La manzanilla prefiere un suelo ligero y bien drenado. Pl\u00e1ntala a pleno sol para favorecer una floraci\u00f3n abundante. Siembra las semillas directamente en la tierra en cuanto haga buen tiempo, generalmente en abril.  <\/p>\n<\/div>\n      <\/div>\n    <\/section>\n  <\/div>\n<\/div><section class=\"article_recette\">\n  <div class=\"recette_container\">\n    <div class=\"background_recette\">\n      <h2 class=\"titre_recette\">Consejos de jardiner\u00eda<\/h2>\n      <div class=\"texte_recette\"><p>Para maximizar la cosecha, pellizca regularmente los extremos de los tallos para estimular la ramificaci\u00f3n.<\/p>\n<\/div>\n    <\/div>\n  <\/div>\n<\/section><div class=\"background_article_haut\">\n  <div class=\"article_container\">\n    <section class=\"article_haut\">\n              <div class=\"img_article_container\">\n          <img decoding=\"async\"\n            class=\"image_article image-article-section\"\n            src=\"https:\/\/www.france-herboristerie.com\/actualites\/wp-content\/uploads\/2024\/06\/menthe.jpg?format=webp\"\n            alt=\"menthe poivr\u00e9e\">\n        <\/div>\n            <div class=\"texte_container\">\n        <h2 class=\"titre_article\">2. Menta (Mentha)<\/h2>\n        <div class=\"texte_article\"><div class=\"block-editor-rich-text__editable rich-text\" role=\"textbox\" aria-label=\"Texte de la liste\" data-wp-block-attribute-key=\"content\"><em><strong>Propiedades :<\/strong><\/em> Refrescante, digestivo y contra las n\u00e1useas.<br data-rich-text-line-break=\"true\"><strong><em>Consejos de cultivo: <\/em><\/strong>La menta es una planta perenne que se adapta a varios tipos de suelo, pero prefiere los lugares h\u00famedos y semisombreados. Pl\u00e1ntala en macetas para evitar que invada tu jard\u00edn. <\/div>\n<\/div>\n      <\/div>\n    <\/section>\n  <\/div>\n<\/div><section class=\"article_recette\">\n  <div class=\"recette_container\">\n    <div class=\"background_recette\">\n      <h2 class=\"titre_recette\">Consejos de jardiner\u00eda<\/h2>\n      <div class=\"texte_recette\"><p><br data-rich-text-line-break=\"true\">Poda la menta con regularidad para favorecer un crecimiento denso y evitar que se vuelva demasiado invasiva.<\/p>\n<\/div>\n    <\/div>\n  <\/div>\n<\/section><div class=\"background_article_haut\">\n  <div class=\"article_container\">\n    <section class=\"article_haut\">\n              <div class=\"img_article_container\">\n          <img decoding=\"async\"\n            class=\"image_article image-article-section\"\n            src=\"https:\/\/www.france-herboristerie.com\/actualites\/wp-content\/uploads\/2024\/06\/calendula.jpg?format=webp\"\n            alt=\"\">\n        <\/div>\n            <div class=\"texte_container\">\n        <h2 class=\"titre_article\">3. Cal\u00e9ndula (Calendula officinalis)<\/h2>\n        <div class=\"texte_article\"><p><strong><em>Propiedades :<\/em><\/strong> Antis\u00e9ptico, antiinflamatorio y cicatrizante.<br data-rich-text-line-break=\"true\"><strong><em>Consejos de cultivo :<\/em><\/strong> La cal\u00e9ndula prefiere un suelo bien drenado y una exposici\u00f3n soleada.<br data-rich-text-line-break=\"true\">Siembra las semillas directamente en el suelo a partir de marzo o en el interior a partir de febrero para una floraci\u00f3n precoz . <\/p>\n<\/div>\n      <\/div>\n    <\/section>\n  <\/div>\n<\/div><section class=\"article_recette\">\n  <div class=\"recette_container\">\n    <div class=\"background_recette\">\n      <h2 class=\"titre_recette\">Consejos de jardiner\u00eda<\/h2>\n      <div class=\"texte_recette\"><p>Pellizca las flores gastadas para prolongar la floraci\u00f3n y fomentar una producci\u00f3n continuada.<\/p>\n<\/div>\n    <\/div>\n  <\/div>\n<\/section><div class=\"background_article_haut\">\n  <div class=\"article_container\">\n    <section class=\"article_haut\">\n              <div class=\"img_article_container\">\n          <img decoding=\"async\"\n            class=\"image_article image-article-section\"\n            src=\"https:\/\/www.france-herboristerie.com\/actualites\/wp-content\/uploads\/2024\/06\/lavande.jpg?format=webp\"\n            alt=\"\">\n        <\/div>\n            <div class=\"texte_container\">\n        <h2 class=\"titre_article\">4. Lavanda (Lavandula angustifolia)<\/h2>\n        <div class=\"texte_article\"><p><strong><em>Propiedades :<\/em><\/strong> Relajante, antis\u00e9ptico y cicatrizante. <strong><em>Consejos de cultivo :<\/em><\/strong> A la lavanda le gustan los suelos ligeros y bien drenados y el pleno sol. Planta las plantas j\u00f3venes en primavera, despu\u00e9s de las \u00faltimas heladas. <\/p>\n<\/div>\n      <\/div>\n    <\/section>\n  <\/div>\n<\/div><section class=\"article_recette\">\n  <div class=\"recette_container\">\n    <div class=\"background_recette\">\n      <h2 class=\"titre_recette\">Consejos de jardiner\u00eda<\/h2>\n      <div class=\"texte_recette\"><p>Poda la lavanda despu\u00e9s de la floraci\u00f3n para mantener una forma compacta y fomentar un nuevo crecimiento al a\u00f1o siguiente.<\/p>\n<\/div>\n    <\/div>\n  <\/div>\n<\/section><div class=\"background_article_haut\">\n  <div class=\"article_container\">\n    <section class=\"article_haut\">\n              <div class=\"img_article_container\">\n          <img decoding=\"async\"\n            class=\"image_article image-article-section\"\n            src=\"https:\/\/www.france-herboristerie.com\/actualites\/wp-content\/uploads\/2024\/06\/thym-4.jpg?format=webp\"\n            alt=\"\">\n        <\/div>\n            <div class=\"texte_container\">\n        <h2 class=\"titre_article\">5. Tomillo (Thymus vulgaris)<\/h2>\n        <div class=\"texte_article\"><p><strong><em>Propiedades :<\/em><\/strong> Antis\u00e9ptico, antitus\u00edgeno y digestivo. <strong><em>Consejos de cultivo :<\/em><\/strong> El tomillo crece en suelos secos, pobres y bien drenados, y a pleno sol. Siembra las semillas en el interior a partir de marzo o directamente en el suelo en mayo. <\/p>\n<\/div>\n      <\/div>\n    <\/section>\n  <\/div>\n<\/div><section class=\"article_recette\">\n  <div class=\"recette_container\">\n    <div class=\"background_recette\">\n      <h2 class=\"titre_recette\">Consejos de jardiner\u00eda<\/h2>\n      <div class=\"texte_recette\"><p>Cosecha el tomillo justo antes de la floraci\u00f3n para obtener la m\u00e1xima concentraci\u00f3n de aceites esenciales.<\/p>\n<\/div>\n    <\/div>\n  <\/div>\n<\/section><div class=\"background_article_haut\">\n  <div class=\"article_container\">\n    <section class=\"article_haut\">\n              <div class=\"img_article_container\">\n          <img decoding=\"async\"\n            class=\"image_article image-article-section\"\n            src=\"https:\/\/www.france-herboristerie.com\/actualites\/wp-content\/uploads\/2024\/06\/echinee.jpg?format=webp\"\n            alt=\"\">\n        <\/div>\n            <div class=\"texte_container\">\n        <h2 class=\"titre_article\">6. Equin\u00e1cea (Echinacea purpurea)<\/h2>\n        <div class=\"texte_article\"><p><strong>Virtudes<\/strong>: Estimulante inmunitario, antiviral y antiinflamatorio. <strong>Consejos de cultivo:<\/strong> La equin\u00e1cea prefiere un suelo bien drenado y lugares soleados. Siembra las semillas en primavera u oto\u00f1o, o planta plantones comprados en un vivero. <\/p>\n<\/div>\n      <\/div>\n    <\/section>\n  <\/div>\n<\/div><section class=\"article_recette\">\n  <div class=\"recette_container\">\n    <div class=\"background_recette\">\n      <h2 class=\"titre_recette\">Consejos de jardiner\u00eda<\/h2>\n      <div class=\"texte_recette\"><p>Riega moderadamente y evita el riego excesivo para prevenir las enfermedades f\u00fangicas.<\/p>\n<\/div>\n    <\/div>\n  <\/div>\n<\/section><section class=\"article_champ\">\n  <div class=\"champ_container\">\n    <div class=\"champ_texte_article\"><p>Cultivar plantas medicinales en tu jard\u00edn es una actividad gratificante y beneficiosa para tu salud. Estas plantas no s\u00f3lo embellecen tu espacio exterior, sino que tambi\u00e9n te permiten beneficiarte de sus numerosas virtudes terap\u00e9uticas. Sigue nuestros consejos y sugerencias para tener un pr\u00f3spero jard\u00edn de plantas medicinales y aprovecha al m\u00e1ximo los beneficios que te ofrece la naturaleza. Esta primavera, ponte a crear tu propio jard\u00edn medicinal y descubre las alegr\u00edas de cultivar plantas con propiedades beneficiosas. Es una aventura emocionante y gratificante que seguro inspirar\u00e1 a todos los amantes de la jardiner\u00eda y el bienestar natural. Para m\u00e1s consejos y productos de calidad, visita France-herboristerie.     <\/p>\n<\/div>\n  <\/div>\n<\/section>","protected":false},"excerpt":{"rendered":"<p>Las quemaduras solares y las picaduras de insectos son dolencias frecuentes durante los meses de verano. Preparar tus propios b\u00e1lsamos de hierbas es una soluci\u00f3n natural y eficaz para aliviar estas dolencias. He aqu\u00ed una gu\u00eda paso a paso para crear b\u00e1lsamos caseros con ingredientes naturales para aliviar y curar tu piel. Los beneficios de los b\u00e1lsamos de hierbas Los b\u00e1lsamos de hierbas son una alternativa natural a los productos comerciales, que suelen estar cargados de sustancias qu\u00edmicas. Las plantas medicinales tienen propiedades calmantes, cicatrizantes y antiinflamatorias perfectas para tratar las irritaciones cut\u00e1neas causadas por el sol y los insectos. Al hacer tus propios b\u00e1lsamos, controlas los ingredientes y te beneficias de remedios seguros y eficaces.     <\/p>\n","protected":false},"author":2,"featured_media":1298,"comment_status":"open","ping_status":"open","sticky":false,"template":"","format":"standard","meta":{"_acf_changed":false,"footnotes":""},"categories":[208],"tags":[],"class_list":["post-1519","post","type-post","status-publish","format-standard","has-post-thumbnail","hentry","category-sin-categorizar"],"acf":[],"yoast_head":"<!-- This site is optimized with the Yoast SEO plugin v26.4 - https:\/\/yoast.com\/wordpress\/plugins\/seo\/ -->\n<title>\u00bfQu\u00e9 plantas medicinales debes cultivar en tu jard\u00edn en primavera?<\/title>\n<meta name=\"robots\" content=\"index, follow, max-snippet:-1, max-image-preview:large, max-video-preview:-1\" \/>\n<link rel=\"canonical\" href=\"https:\/\/www.france-herboristerie.com\/actualites\/es\/que-plantas-medicinales-debes-cultivar-en-tu-jardin-en-primavera\/\" \/>\n<meta property=\"og:locale\" content=\"es_ES\" \/>\n<meta property=\"og:type\" content=\"article\" \/>\n<meta property=\"og:title\" content=\"\u00bfQu\u00e9 plantas medicinales debes cultivar en tu jard\u00edn en primavera?\" \/>\n<meta property=\"og:description\" content=\"Las quemaduras solares y las picaduras de insectos son dolencias frecuentes durante los meses de verano. Preparar tus propios b\u00e1lsamos de hierbas es una soluci\u00f3n natural y eficaz para aliviar estas dolencias. He aqu\u00ed una gu\u00eda paso a paso para crear b\u00e1lsamos caseros con ingredientes naturales para aliviar y curar tu piel. Los beneficios de los b\u00e1lsamos de hierbas Los b\u00e1lsamos de hierbas son una alternativa natural a los productos comerciales, que suelen estar cargados de sustancias qu\u00edmicas. Las plantas medicinales tienen propiedades calmantes, cicatrizantes y antiinflamatorias perfectas para tratar las irritaciones cut\u00e1neas causadas por el sol y los insectos. Al hacer tus propios b\u00e1lsamos, controlas los ingredientes y te beneficias de remedios seguros y eficaces.\" \/>\n<meta property=\"og:url\" content=\"https:\/\/www.france-herboristerie.com\/actualites\/es\/que-plantas-medicinales-debes-cultivar-en-tu-jardin-en-primavera\/\" \/>\n<meta property=\"og:site_name\" content=\"Blog France Herboristerie\" \/>\n<meta property=\"article:publisher\" content=\"https:\/\/www.facebook.com\/franceherboristerie\/\" \/>\n<meta property=\"article:published_time\" content=\"2024-06-11T09:57:00+00:00\" \/>\n<meta property=\"article:modified_time\" content=\"2024-12-10T16:05:32+00:00\" \/>\n<meta property=\"og:image\" content=\"https:\/\/www.france-herboristerie.com\/actualites\/wp-content\/uploads\/2024\/06\/jardin.jpg\" \/>\n\t<meta property=\"og:image:width\" content=\"1080\" \/>\n\t<meta property=\"og:image:height\" content=\"1080\" \/>\n\t<meta property=\"og:image:type\" content=\"image\/jpeg\" \/>\n<meta name=\"author\" content=\"Clement Beaurain\" \/>\n<meta name=\"twitter:card\" content=\"summary_large_image\" \/>\n<meta name=\"twitter:creator\" content=\"@clement@lets-clic.com\" \/>\n<meta name=\"twitter:label1\" content=\"Escrito por\" \/>\n\t<meta name=\"twitter:data1\" content=\"Clement Beaurain\" \/>\n<script type=\"application\/ld+json\" class=\"yoast-schema-graph\">{\"@context\":\"https:\/\/schema.org\",\"@graph\":[{\"@type\":\"Article\",\"@id\":\"https:\/\/www.france-herboristerie.com\/actualites\/es\/que-plantas-medicinales-debes-cultivar-en-tu-jardin-en-primavera\/#article\",\"isPartOf\":{\"@id\":\"https:\/\/www.france-herboristerie.com\/actualites\/es\/que-plantas-medicinales-debes-cultivar-en-tu-jardin-en-primavera\/\"},\"author\":{\"name\":\"Clement Beaurain\",\"@id\":\"https:\/\/www.france-herboristerie.com\/actualites\/es\/#\/schema\/person\/fd23ed4eff0fe925ac2ecf28518395e9\"},\"headline\":\"\u00bfQu\u00e9 plantas medicinales debes cultivar en tu jard\u00edn en primavera?\",\"datePublished\":\"2024-06-11T09:57:00+00:00\",\"dateModified\":\"2024-12-10T16:05:32+00:00\",\"mainEntityOfPage\":{\"@id\":\"https:\/\/www.france-herboristerie.com\/actualites\/es\/que-plantas-medicinales-debes-cultivar-en-tu-jardin-en-primavera\/\"},\"wordCount\":11,\"commentCount\":0,\"publisher\":{\"@id\":\"https:\/\/www.france-herboristerie.com\/actualites\/es\/#organization\"},\"image\":{\"@id\":\"https:\/\/www.france-herboristerie.com\/actualites\/es\/que-plantas-medicinales-debes-cultivar-en-tu-jardin-en-primavera\/#primaryimage\"},\"thumbnailUrl\":\"https:\/\/www.france-herboristerie.com\/actualites\/wp-content\/uploads\/2024\/06\/jardin.jpg\",\"articleSection\":[\"Sin categorizar\"],\"inLanguage\":\"es\",\"potentialAction\":[{\"@type\":\"CommentAction\",\"name\":\"Comment\",\"target\":[\"https:\/\/www.france-herboristerie.com\/actualites\/es\/que-plantas-medicinales-debes-cultivar-en-tu-jardin-en-primavera\/#respond\"]}]},{\"@type\":\"WebPage\",\"@id\":\"https:\/\/www.france-herboristerie.com\/actualites\/es\/que-plantas-medicinales-debes-cultivar-en-tu-jardin-en-primavera\/\",\"url\":\"https:\/\/www.france-herboristerie.com\/actualites\/es\/que-plantas-medicinales-debes-cultivar-en-tu-jardin-en-primavera\/\",\"name\":\"\u00bfQu\u00e9 plantas medicinales debes cultivar en tu jard\u00edn en primavera?\",\"isPartOf\":{\"@id\":\"https:\/\/www.france-herboristerie.com\/actualites\/es\/#website\"},\"primaryImageOfPage\":{\"@id\":\"https:\/\/www.france-herboristerie.com\/actualites\/es\/que-plantas-medicinales-debes-cultivar-en-tu-jardin-en-primavera\/#primaryimage\"},\"image\":{\"@id\":\"https:\/\/www.france-herboristerie.com\/actualites\/es\/que-plantas-medicinales-debes-cultivar-en-tu-jardin-en-primavera\/#primaryimage\"},\"thumbnailUrl\":\"https:\/\/www.france-herboristerie.com\/actualites\/wp-content\/uploads\/2024\/06\/jardin.jpg\",\"datePublished\":\"2024-06-11T09:57:00+00:00\",\"dateModified\":\"2024-12-10T16:05:32+00:00\",\"breadcrumb\":{\"@id\":\"https:\/\/www.france-herboristerie.com\/actualites\/es\/que-plantas-medicinales-debes-cultivar-en-tu-jardin-en-primavera\/#breadcrumb\"},\"inLanguage\":\"es\",\"potentialAction\":[{\"@type\":\"ReadAction\",\"target\":[\"https:\/\/www.france-herboristerie.com\/actualites\/es\/que-plantas-medicinales-debes-cultivar-en-tu-jardin-en-primavera\/\"]}]},{\"@type\":\"ImageObject\",\"inLanguage\":\"es\",\"@id\":\"https:\/\/www.france-herboristerie.com\/actualites\/es\/que-plantas-medicinales-debes-cultivar-en-tu-jardin-en-primavera\/#primaryimage\",\"url\":\"https:\/\/www.france-herboristerie.com\/actualites\/wp-content\/uploads\/2024\/06\/jardin.jpg\",\"contentUrl\":\"https:\/\/www.france-herboristerie.com\/actualites\/wp-content\/uploads\/2024\/06\/jardin.jpg\",\"width\":1080,\"height\":1080},{\"@type\":\"BreadcrumbList\",\"@id\":\"https:\/\/www.france-herboristerie.com\/actualites\/es\/que-plantas-medicinales-debes-cultivar-en-tu-jardin-en-primavera\/#breadcrumb\",\"itemListElement\":[{\"@type\":\"ListItem\",\"position\":1,\"name\":\"Blog\",\"item\":\"https:\/\/www.france-herboristerie.com\/actualites\/es\/\"},{\"@type\":\"ListItem\",\"position\":2,\"name\":\"\u00bfQu\u00e9 plantas medicinales debes cultivar en tu jard\u00edn en primavera?\"}]},{\"@type\":\"WebSite\",\"@id\":\"https:\/\/www.france-herboristerie.com\/actualites\/es\/#website\",\"url\":\"https:\/\/www.france-herboristerie.com\/actualites\/es\/\",\"name\":\"Le Blog de France Herboristerie\",\"description\":\"\",\"publisher\":{\"@id\":\"https:\/\/www.france-herboristerie.com\/actualites\/es\/#organization\"},\"potentialAction\":[{\"@type\":\"SearchAction\",\"target\":{\"@type\":\"EntryPoint\",\"urlTemplate\":\"https:\/\/www.france-herboristerie.com\/actualites\/es\/?s={search_term_string}\"},\"query-input\":{\"@type\":\"PropertyValueSpecification\",\"valueRequired\":true,\"valueName\":\"search_term_string\"}}],\"inLanguage\":\"es\"},{\"@type\":\"Organization\",\"@id\":\"https:\/\/www.france-herboristerie.com\/actualites\/es\/#organization\",\"name\":\"France Herboristerie\",\"url\":\"https:\/\/www.france-herboristerie.com\/actualites\/es\/\",\"logo\":{\"@type\":\"ImageObject\",\"inLanguage\":\"es\",\"@id\":\"https:\/\/www.france-herboristerie.com\/actualites\/es\/#\/schema\/logo\/image\/\",\"url\":\"https:\/\/www.france-herboristerie.com\/actualites\/wp-content\/uploads\/2025\/01\/logo-FH.png\",\"contentUrl\":\"https:\/\/www.france-herboristerie.com\/actualites\/wp-content\/uploads\/2025\/01\/logo-FH.png\",\"width\":2278,\"height\":476,\"caption\":\"France Herboristerie\"},\"image\":{\"@id\":\"https:\/\/www.france-herboristerie.com\/actualites\/es\/#\/schema\/logo\/image\/\"},\"sameAs\":[\"https:\/\/www.facebook.com\/franceherboristerie\/\",\"https:\/\/www.instagram.com\/france_herboristerie\/\",\"https:\/\/fr.linkedin.com\/company\/france-herboristerie\"]},{\"@type\":\"Person\",\"@id\":\"https:\/\/www.france-herboristerie.com\/actualites\/es\/#\/schema\/person\/fd23ed4eff0fe925ac2ecf28518395e9\",\"name\":\"Clement Beaurain\",\"sameAs\":[\"https:\/\/x.com\/clement@lets-clic.com\"],\"url\":\"https:\/\/www.france-herboristerie.com\/actualites\/es\/author\/clement-b\/\"}]}<\/script>\n<!-- \/ Yoast SEO plugin. -->","yoast_head_json":{"title":"\u00bfQu\u00e9 plantas medicinales debes cultivar en tu jard\u00edn en primavera?","robots":{"index":"index","follow":"follow","max-snippet":"max-snippet:-1","max-image-preview":"max-image-preview:large","max-video-preview":"max-video-preview:-1"},"canonical":"https:\/\/www.france-herboristerie.com\/actualites\/es\/que-plantas-medicinales-debes-cultivar-en-tu-jardin-en-primavera\/","og_locale":"es_ES","og_type":"article","og_title":"\u00bfQu\u00e9 plantas medicinales debes cultivar en tu jard\u00edn en primavera?","og_description":"Las quemaduras solares y las picaduras de insectos son dolencias frecuentes durante los meses de verano. Preparar tus propios b\u00e1lsamos de hierbas es una soluci\u00f3n natural y eficaz para aliviar estas dolencias. He aqu\u00ed una gu\u00eda paso a paso para crear b\u00e1lsamos caseros con ingredientes naturales para aliviar y curar tu piel. Los beneficios de los b\u00e1lsamos de hierbas Los b\u00e1lsamos de hierbas son una alternativa natural a los productos comerciales, que suelen estar cargados de sustancias qu\u00edmicas. Las plantas medicinales tienen propiedades calmantes, cicatrizantes y antiinflamatorias perfectas para tratar las irritaciones cut\u00e1neas causadas por el sol y los insectos. Al hacer tus propios b\u00e1lsamos, controlas los ingredientes y te beneficias de remedios seguros y eficaces.","og_url":"https:\/\/www.france-herboristerie.com\/actualites\/es\/que-plantas-medicinales-debes-cultivar-en-tu-jardin-en-primavera\/","og_site_name":"Blog France Herboristerie","article_publisher":"https:\/\/www.facebook.com\/franceherboristerie\/","article_published_time":"2024-06-11T09:57:00+00:00","article_modified_time":"2024-12-10T16:05:32+00:00","og_image":[{"width":1080,"height":1080,"url":"https:\/\/www.france-herboristerie.com\/actualites\/wp-content\/uploads\/2024\/06\/jardin.jpg","type":"image\/jpeg"}],"author":"Clement Beaurain","twitter_card":"summary_large_image","twitter_creator":"@clement@lets-clic.com","twitter_misc":{"Escrito por":"Clement Beaurain"},"schema":{"@context":"https:\/\/schema.org","@graph":[{"@type":"Article","@id":"https:\/\/www.france-herboristerie.com\/actualites\/es\/que-plantas-medicinales-debes-cultivar-en-tu-jardin-en-primavera\/#article","isPartOf":{"@id":"https:\/\/www.france-herboristerie.com\/actualites\/es\/que-plantas-medicinales-debes-cultivar-en-tu-jardin-en-primavera\/"},"author":{"name":"Clement Beaurain","@id":"https:\/\/www.france-herboristerie.com\/actualites\/es\/#\/schema\/person\/fd23ed4eff0fe925ac2ecf28518395e9"},"headline":"\u00bfQu\u00e9 plantas medicinales debes cultivar en tu jard\u00edn en primavera?","datePublished":"2024-06-11T09:57:00+00:00","dateModified":"2024-12-10T16:05:32+00:00","mainEntityOfPage":{"@id":"https:\/\/www.france-herboristerie.com\/actualites\/es\/que-plantas-medicinales-debes-cultivar-en-tu-jardin-en-primavera\/"},"wordCount":11,"commentCount":0,"publisher":{"@id":"https:\/\/www.france-herboristerie.com\/actualites\/es\/#organization"},"image":{"@id":"https:\/\/www.france-herboristerie.com\/actualites\/es\/que-plantas-medicinales-debes-cultivar-en-tu-jardin-en-primavera\/#primaryimage"},"thumbnailUrl":"https:\/\/www.france-herboristerie.com\/actualites\/wp-content\/uploads\/2024\/06\/jardin.jpg","articleSection":["Sin categorizar"],"inLanguage":"es","potentialAction":[{"@type":"CommentAction","name":"Comment","target":["https:\/\/www.france-herboristerie.com\/actualites\/es\/que-plantas-medicinales-debes-cultivar-en-tu-jardin-en-primavera\/#respond"]}]},{"@type":"WebPage","@id":"https:\/\/www.france-herboristerie.com\/actualites\/es\/que-plantas-medicinales-debes-cultivar-en-tu-jardin-en-primavera\/","url":"https:\/\/www.france-herboristerie.com\/actualites\/es\/que-plantas-medicinales-debes-cultivar-en-tu-jardin-en-primavera\/","name":"\u00bfQu\u00e9 plantas medicinales debes cultivar en tu jard\u00edn en primavera?","isPartOf":{"@id":"https:\/\/www.france-herboristerie.com\/actualites\/es\/#website"},"primaryImageOfPage":{"@id":"https:\/\/www.france-herboristerie.com\/actualites\/es\/que-plantas-medicinales-debes-cultivar-en-tu-jardin-en-primavera\/#primaryimage"},"image":{"@id":"https:\/\/www.france-herboristerie.com\/actualites\/es\/que-plantas-medicinales-debes-cultivar-en-tu-jardin-en-primavera\/#primaryimage"},"thumbnailUrl":"https:\/\/www.france-herboristerie.com\/actualites\/wp-content\/uploads\/2024\/06\/jardin.jpg","datePublished":"2024-06-11T09:57:00+00:00","dateModified":"2024-12-10T16:05:32+00:00","breadcrumb":{"@id":"https:\/\/www.france-herboristerie.com\/actualites\/es\/que-plantas-medicinales-debes-cultivar-en-tu-jardin-en-primavera\/#breadcrumb"},"inLanguage":"es","potentialAction":[{"@type":"ReadAction","target":["https:\/\/www.france-herboristerie.com\/actualites\/es\/que-plantas-medicinales-debes-cultivar-en-tu-jardin-en-primavera\/"]}]},{"@type":"ImageObject","inLanguage":"es","@id":"https:\/\/www.france-herboristerie.com\/actualites\/es\/que-plantas-medicinales-debes-cultivar-en-tu-jardin-en-primavera\/#primaryimage","url":"https:\/\/www.france-herboristerie.com\/actualites\/wp-content\/uploads\/2024\/06\/jardin.jpg","contentUrl":"https:\/\/www.france-herboristerie.com\/actualites\/wp-content\/uploads\/2024\/06\/jardin.jpg","width":1080,"height":1080},{"@type":"BreadcrumbList","@id":"https:\/\/www.france-herboristerie.com\/actualites\/es\/que-plantas-medicinales-debes-cultivar-en-tu-jardin-en-primavera\/#breadcrumb","itemListElement":[{"@type":"ListItem","position":1,"name":"Blog","item":"https:\/\/www.france-herboristerie.com\/actualites\/es\/"},{"@type":"ListItem","position":2,"name":"\u00bfQu\u00e9 plantas medicinales debes cultivar en tu jard\u00edn en primavera?"}]},{"@type":"WebSite","@id":"https:\/\/www.france-herboristerie.com\/actualites\/es\/#website","url":"https:\/\/www.france-herboristerie.com\/actualites\/es\/","name":"Le Blog de France Herboristerie","description":"","publisher":{"@id":"https:\/\/www.france-herboristerie.com\/actualites\/es\/#organization"},"potentialAction":[{"@type":"SearchAction","target":{"@type":"EntryPoint","urlTemplate":"https:\/\/www.france-herboristerie.com\/actualites\/es\/?s={search_term_string}"},"query-input":{"@type":"PropertyValueSpecification","valueRequired":true,"valueName":"search_term_string"}}],"inLanguage":"es"},{"@type":"Organization","@id":"https:\/\/www.france-herboristerie.com\/actualites\/es\/#organization","name":"France Herboristerie","url":"https:\/\/www.france-herboristerie.com\/actualites\/es\/","logo":{"@type":"ImageObject","inLanguage":"es","@id":"https:\/\/www.france-herboristerie.com\/actualites\/es\/#\/schema\/logo\/image\/","url":"https:\/\/www.france-herboristerie.com\/actualites\/wp-content\/uploads\/2025\/01\/logo-FH.png","contentUrl":"https:\/\/www.france-herboristerie.com\/actualites\/wp-content\/uploads\/2025\/01\/logo-FH.png","width":2278,"height":476,"caption":"France Herboristerie"},"image":{"@id":"https:\/\/www.france-herboristerie.com\/actualites\/es\/#\/schema\/logo\/image\/"},"sameAs":["https:\/\/www.facebook.com\/franceherboristerie\/","https:\/\/www.instagram.com\/france_herboristerie\/","https:\/\/fr.linkedin.com\/company\/france-herboristerie"]},{"@type":"Person","@id":"https:\/\/www.france-herboristerie.com\/actualites\/es\/#\/schema\/person\/fd23ed4eff0fe925ac2ecf28518395e9","name":"Clement Beaurain","sameAs":["https:\/\/x.com\/clement@lets-clic.com"],"url":"https:\/\/www.france-herboristerie.com\/actualites\/es\/author\/clement-b\/"}]}},"_links":{"self":[{"href":"https:\/\/www.france-herboristerie.com\/actualites\/es\/wp-json\/wp\/v2\/posts\/1519","targetHints":{"allow":["GET"]}}],"collection":[{"href":"https:\/\/www.france-herboristerie.com\/actualites\/es\/wp-json\/wp\/v2\/posts"}],"about":[{"href":"https:\/\/www.france-herboristerie.com\/actualites\/es\/wp-json\/wp\/v2\/types\/post"}],"author":[{"embeddable":true,"href":"https:\/\/www.france-herboristerie.com\/actualites\/es\/wp-json\/wp\/v2\/users\/2"}],"replies":[{"embeddable":true,"href":"https:\/\/www.france-herboristerie.com\/actualites\/es\/wp-json\/wp\/v2\/comments?post=1519"}],"version-history":[{"count":1,"href":"https:\/\/www.france-herboristerie.com\/actualites\/es\/wp-json\/wp\/v2\/posts\/1519\/revisions"}],"predecessor-version":[{"id":1521,"href":"https:\/\/www.france-herboristerie.com\/actualites\/es\/wp-json\/wp\/v2\/posts\/1519\/revisions\/1521"}],"wp:featuredmedia":[{"embeddable":true,"href":"https:\/\/www.france-herboristerie.com\/actualites\/es\/wp-json\/wp\/v2\/media\/1298"}],"wp:attachment":[{"href":"https:\/\/www.france-herboristerie.com\/actualites\/es\/wp-json\/wp\/v2\/media?parent=1519"}],"wp:term":[{"taxonomy":"category","embeddable":true,"href":"https:\/\/www.france-herboristerie.com\/actualites\/es\/wp-json\/wp\/v2\/categories?post=1519"},{"taxonomy":"post_tag","embeddable":true,"href":"https:\/\/www.france-herboristerie.com\/actualites\/es\/wp-json\/wp\/v2\/tags?post=1519"}],"curies":[{"name":"wp","href":"https:\/\/api.w.org\/{rel}","templated":true}]}}