{"id":1569,"date":"2024-03-06T13:17:00","date_gmt":"2024-03-06T13:17:00","guid":{"rendered":"https:\/\/www.france-herboristerie.com\/actualites\/avellana-coudrier-beneficios-usos-y-botanica-de-esta-planta\/"},"modified":"2024-12-10T16:06:46","modified_gmt":"2024-12-10T16:06:46","slug":"avellana-coudrier-beneficios-usos-y-botanica-de-esta-planta","status":"publish","type":"post","link":"https:\/\/www.france-herboristerie.com\/actualites\/es\/avellana-coudrier-beneficios-usos-y-botanica-de-esta-planta\/","title":{"rendered":"Avellana (Coudrier): beneficios, usos y bot\u00e1nica de esta planta"},"content":{"rendered":"<div class=\"background_article_haut\">\n  <div class=\"article_container\">\n    <section class=\"article_haut\">\n              <div class=\"img_article_container\">\n          <img decoding=\"async\"\n            class=\"image_article\"\n            src=\"https:\/\/www.france-herboristerie.com\/actualites\/wp-content\/uploads\/2024\/03\/noisetier-coudrier-feuille-250-grs-corylus-avellana.jpg?format=webp\"\n            alt=\"\">\n        <\/div>\n            <div class=\"texte_container\">\n        <h1 class=\"titre_article\">Avellana (Coudrier): beneficios, usos y bot\u00e1nica de esta planta<\/h1>\n        <div class=\"date_article\">\n          <time datetime=\"2024-03-06T13:17:00+00:00\" class=\"publication_date\">\n            6 marzo 2024          <\/time>\n        <\/div>\n        <div class=\"texte_article\"><p><!-- wp:paragraph --><\/p>\n<p><!-- wp:paragraph --><\/p>\n<p><!-- wp:paragraph --><\/p>\n<p><!-- wp:paragraph --><\/p>\n<p><!-- wp:paragraph --><\/p>\n<p><strong>Hazel (mensajero), lo esencial en 3 puntos:  <\/strong><\/p>\n<p><strong>-una f\u00f3rmula naturalmente rica en principios activos<\/strong><\/p>\n<p><!-- \/wp:paragraph --> <!-- wp:paragraph --><\/p>\n<p><strong>-restaura la pared vascular y ayuda a reducir los niveles de colesterol en sangre<\/strong><\/p>\n<p><!-- \/wp:paragraph --> <!-- wp:paragraph --><\/p>\n<p><strong>-reduce la inflamaci\u00f3n de los vasos sangu\u00edneos<\/strong><\/p>\n<p>Con su magn\u00edfica forma de paraguas, el avellano es un arbusto ornamental muy conocido por los jardineros. Gr\u00e1cil y tupido, es un atractivo a\u00f1adido a los espacios verdes de cualquier propiedad. Adem\u00e1s de sus cualidades decorativas, el avellano contiene principios activos que le confieren numerosos beneficios.  <\/p>\n<p><!-- \/wp:paragraph --><\/p>\n<p><!-- \/wp:paragraph --><\/p>\n<p><!-- \/wp:paragraph --><\/p>\n<p><!-- \/wp:paragraph --><\/p>\n<!-- \/wp:paragraph --><\/div>\n      <\/div>\n    <\/section>\n  <\/div>\n<\/div><div class=\"background_article_haut\">\n  <div class=\"article_container\">\n    <section class=\"article_haut\">\n              <div class=\"img_article_container\">\n          <img decoding=\"async\"\n            class=\"image_article image-article-section\"\n            src=\"https:\/\/www.france-herboristerie.com\/actualites\/wp-content\/uploads\/2024\/03\/noisetier.jpeg?format=webp\"\n            alt=\"\">\n        <\/div>\n            <div class=\"texte_container\">\n        <h2 class=\"titre_article\">Todo lo que debes saber sobre las avellanas<\/h2>\n        <div class=\"texte_article\"><p>La avellana o avellano es un arbusto de tallos basales rectos y flexibles, perteneciente a la familia de las Betul\u00e1ceas. De hasta 4 m de altura, tiene varias ramas \u00abprincipales\u00bb que se engrosan y ramifican enormemente a medida que se extienden. Esta particularidad confiere al avellano su silueta en forma de paraguas. Su corteza es lisa, fina y marr\u00f3n, antes de volverse gris\u00e1cea. Para proporcionar una hermosa sombra, el avellano tiene grandes hojas verdes de 5 a 12 cm de di\u00e1metro. Son alternas, cordiformes, vellosas, finamente dentadas y de forma casi redonda. El avellano florece de enero a marzo. El arbusto se adorna con magn\u00edficos amentos amarillos o anaranjados de unos 10 cm. Estas flores masculinas aparecen a lo largo de los tallos del a\u00f1o anterior. Las flores femeninas son mucho m\u00e1s peque\u00f1as. Situadas en los extremos de las ramas, son de un bonito color verdoso con toques rojos brillantes. Los frutos del mensajero son avellanas, envueltas en br\u00e1cteas frondosas. Son redondos o m\u00e1s alargados, seg\u00fan la variedad.   <\/p>\n<\/div>\n      <\/div>\n    <\/section>\n  <\/div>\n<\/div><section class=\"article_recette\">\n  <div class=\"recette_container\">\n    <div class=\"background_recette\">\n      <h2 class=\"titre_recette\">Sobre la ubicaci\u00f3n y el cultivo del \u00e1rbol mensajero<\/h2>\n      <div class=\"texte_recette\"><p>El avellano es una especie arbustiva aut\u00f3ctona de Asia y Europa. Est\u00e1 ampliamente distribuido en Francia, excepto en C\u00f3rcega y la regi\u00f3n mediterr\u00e1nea. Al preferir las zonas sombr\u00edas, el arbusto se encuentra sobre todo en los claros y en los bordes de los bosques. El mensajero tambi\u00e9n es bastante tolerante con el tipo de suelo en el que se cultiva. Le gustan los suelos de ligeramente \u00e1cidos a b\u00e1sicos, de secos a frescos. Sin embargo, crece mejor en suelos ricos y arcillosos. Los avellanos suelen trasplantarse entre noviembre y marzo. Esto se hace s\u00f3lo a partir de arbustos a ra\u00edz desnuda. El nuevo arbusto s\u00f3lo necesita riego regular a partir del a\u00f1o siguiente al trasplante. Para obtener un parasol atractivo, deja que el arbusto crezca en su forma natural, aislado o en parejas, en un rinc\u00f3n bien despejado del jard\u00edn.     <\/p>\n<\/div>\n    <\/div>\n  <\/div>\n<\/section><section class=\"article_recette\">\n  <div class=\"recette_container\">\n    <div class=\"background_recette\">\n      <h2 class=\"titre_recette\">M\u00e1s informaci\u00f3n sobre los m\u00faltiples usos de los elementos de avellano  <\/h2>\n      <div class=\"texte_recette\"><p>En el campo de la fitoterapia, s\u00f3lo se utilizan las hojas del \u00e1rbol mensajero. \u00c9stas tienen la ventaja de ser naturalmente ricas en principios activos. Son estos compuestos los que act\u00faan sin\u00e9rgicamente para reducir la inflamaci\u00f3n de los vasos sangu\u00edneos, por ejemplo. Tambi\u00e9n restauran la pared vascular y ayudan a reducir los niveles de colesterol en sangre. Adem\u00e1s, los extractos de hojas de coudrier ya est\u00e1n disponibles en diversas formas gal\u00e9nicas. Est\u00e1n disponibles en c\u00e1psulas y comprimidos, as\u00ed como en polvo para infusiones. Para aprovechar al m\u00e1ximo los beneficios de estos extractos, siempre es aconsejable seguir la dosis correcta. Tambi\u00e9n te animamos a respetar la duraci\u00f3n del tratamiento. Una dieta equilibrada y un estilo de vida sano tambi\u00e9n contribuir\u00e1n a optimizar tu bienestar y tu salud a diario. Adem\u00e1s de las hojas, los frutos del avellano se utilizan mucho en la cocina. Nutritivos, contienen elementos activos como omega 3, fibra, as\u00ed como vitaminas E y B. Las avellanas tambi\u00e9n contienen cantidades importantes de magnesio, hierro y f\u00f3sforo. Esta rica composici\u00f3n es la raz\u00f3n por la que las avellanas se cultivan intensamente en pa\u00edses como Espa\u00f1a y Turqu\u00eda. Las avellanas se pueden comer de varias maneras. Puedes comerlas crudas, secas o frescas. Trituradas, las avellanas son un maravilloso acompa\u00f1amiento de los platos salados, ya que les dan un sabor crujiente y afrutado. Ingrediente esencial de un pralin\u00e9 de \u00e9xito, las avellanas son f\u00e1ciles de incorporar a recetas de galletas, pasteles y otros postres. Tambi\u00e9n tienen la ventaja de poder combinarse con otros ingredientes de reposter\u00eda, como la vainilla o el chocolate. Tambi\u00e9n puedes combinarlas con frutas como casta\u00f1as, albaricoques o peras. Por \u00faltimo, combinando aceite de avellana con vinagre bals\u00e1mico se obtiene una vinagreta excelente.   <\/p>\n<p><!-- \/wp:paragraph --><\/p>\n<\/div>\n    <\/div>\n  <\/div>\n<\/section><section class=\"article_recette\">\n  <div class=\"recette_container\">\n    <div class=\"background_recette\">\n      <h2 class=\"titre_recette\">Nuestros productos de France-Herboristerie elaborados con avellana:  <\/h2>\n      <div class=\"texte_recette\"><p><!-- wp:paragraph --><\/p>\n<p><!-- wp:paragraph --><\/p>\n<p><!-- \/wp:paragraph --> <!-- wp:paragraph --><\/p>\n<p>Nuestras tisanas:<a href=\"https:\/\/www.france-herboristerie.com\/tisanes-plantes-simples\/115430-noisetier-coudrier-feuille-250-grs-corylus-avellana-3701220710362.html?search_query=noisetier&amp;results=10\">100<\/a><a href=\"https:\/\/www.france-herboristerie.com\/tisanes-plantes-simples\/115430-noisetier-coudrier-feuille-250-grs-corylus-avellana-3701220710362.html?search_query=noisetier&amp;results=10\">gramos<\/a>, <a href=\"https:\/\/www.france-herboristerie.com\/tisanes-plantes-simples\/357362-noisetier-coudrier-feuille-250-grs-corylus-avellana-3701220710379.html?search_query=noisetier&amp;results=10\">250 gramos<\/a>, <a href=\"https:\/\/www.france-herboristerie.com\/tisanes-plantes-simples\/357363-noisetier-coudrier-feuille-250-grs-corylus-avellana-3701220710355.html?search_query=noisetier&amp;results=10\">1kg <\/a> <\/p>\n<p><!-- \/wp:paragraph --><\/p>\n<p><!-- \/wp:paragraph --><\/p>\n<p><!-- \/wp:paragraph --><\/p>\n<\/div>\n    <\/div>\n  <\/div>\n<\/section>","protected":false},"excerpt":{"rendered":"<p>Con su magn\u00edfica forma de paraguas, el avellano es un arbusto ornamental muy conocido por los jardineros. Gr\u00e1cil y tupido, es un atractivo a\u00f1adido a los espacios verdes de cualquier propiedad. Adem\u00e1s de sus cualidades decorativas, el avellano contiene principios activos que le confieren numerosos beneficios.    <\/p>\n","protected":false},"author":2,"featured_media":830,"comment_status":"open","ping_status":"open","sticky":false,"template":"","format":"standard","meta":{"_acf_changed":false,"footnotes":""},"categories":[334,302],"tags":[231,232],"class_list":["post-1569","post","type-post","status-publish","format-standard","has-post-thumbnail","hentry","category-colesterol","category-trafico","tag-balsamo","tag-receta"],"acf":[],"yoast_head":"<!-- This site is optimized with the Yoast SEO plugin v26.4 - https:\/\/yoast.com\/wordpress\/plugins\/seo\/ -->\n<title>Avellana (Coudrier): beneficios, usos y bot\u00e1nica de esta planta<\/title>\n<meta name=\"robots\" content=\"index, follow, max-snippet:-1, max-image-preview:large, max-video-preview:-1\" \/>\n<link rel=\"canonical\" href=\"https:\/\/www.france-herboristerie.com\/actualites\/es\/avellana-coudrier-beneficios-usos-y-botanica-de-esta-planta\/\" \/>\n<meta property=\"og:locale\" content=\"es_ES\" \/>\n<meta property=\"og:type\" content=\"article\" \/>\n<meta property=\"og:title\" content=\"Avellana (Coudrier): beneficios, usos y bot\u00e1nica de esta planta\" \/>\n<meta property=\"og:description\" content=\"Con su magn\u00edfica forma de paraguas, el avellano es un arbusto ornamental muy conocido por los jardineros. Gr\u00e1cil y tupido, es un atractivo a\u00f1adido a los espacios verdes de cualquier propiedad. Adem\u00e1s de sus cualidades decorativas, el avellano contiene principios activos que le confieren numerosos beneficios.\" \/>\n<meta property=\"og:url\" content=\"https:\/\/www.france-herboristerie.com\/actualites\/es\/avellana-coudrier-beneficios-usos-y-botanica-de-esta-planta\/\" \/>\n<meta property=\"og:site_name\" content=\"Blog France Herboristerie\" \/>\n<meta property=\"article:publisher\" content=\"https:\/\/www.facebook.com\/franceherboristerie\/\" \/>\n<meta property=\"article:published_time\" content=\"2024-03-06T13:17:00+00:00\" \/>\n<meta property=\"article:modified_time\" content=\"2024-12-10T16:06:46+00:00\" \/>\n<meta property=\"og:image\" content=\"https:\/\/www.france-herboristerie.com\/actualites\/wp-content\/uploads\/2024\/03\/noisetier.jpg\" \/>\n\t<meta property=\"og:image:width\" content=\"1080\" \/>\n\t<meta property=\"og:image:height\" content=\"1080\" \/>\n\t<meta property=\"og:image:type\" content=\"image\/jpeg\" \/>\n<meta name=\"author\" content=\"Clement Beaurain\" \/>\n<meta name=\"twitter:card\" content=\"summary_large_image\" \/>\n<meta name=\"twitter:creator\" content=\"@clement@lets-clic.com\" \/>\n<meta name=\"twitter:label1\" content=\"Escrito por\" \/>\n\t<meta name=\"twitter:data1\" content=\"Clement Beaurain\" \/>\n<script type=\"application\/ld+json\" class=\"yoast-schema-graph\">{\"@context\":\"https:\/\/schema.org\",\"@graph\":[{\"@type\":\"Article\",\"@id\":\"https:\/\/www.france-herboristerie.com\/actualites\/es\/avellana-coudrier-beneficios-usos-y-botanica-de-esta-planta\/#article\",\"isPartOf\":{\"@id\":\"https:\/\/www.france-herboristerie.com\/actualites\/es\/avellana-coudrier-beneficios-usos-y-botanica-de-esta-planta\/\"},\"author\":{\"name\":\"Clement Beaurain\",\"@id\":\"https:\/\/www.france-herboristerie.com\/actualites\/es\/#\/schema\/person\/fd23ed4eff0fe925ac2ecf28518395e9\"},\"headline\":\"Avellana (Coudrier): beneficios, usos y bot\u00e1nica de esta planta\",\"datePublished\":\"2024-03-06T13:17:00+00:00\",\"dateModified\":\"2024-12-10T16:06:46+00:00\",\"mainEntityOfPage\":{\"@id\":\"https:\/\/www.france-herboristerie.com\/actualites\/es\/avellana-coudrier-beneficios-usos-y-botanica-de-esta-planta\/\"},\"wordCount\":10,\"commentCount\":0,\"publisher\":{\"@id\":\"https:\/\/www.france-herboristerie.com\/actualites\/es\/#organization\"},\"image\":{\"@id\":\"https:\/\/www.france-herboristerie.com\/actualites\/es\/avellana-coudrier-beneficios-usos-y-botanica-de-esta-planta\/#primaryimage\"},\"thumbnailUrl\":\"https:\/\/www.france-herboristerie.com\/actualites\/wp-content\/uploads\/2024\/03\/noisetier.jpg\",\"keywords\":[\"b\u00e1lsamo\",\"receta\"],\"articleSection\":[\"Colesterol\",\"Tr\u00e1fico\"],\"inLanguage\":\"es\",\"potentialAction\":[{\"@type\":\"CommentAction\",\"name\":\"Comment\",\"target\":[\"https:\/\/www.france-herboristerie.com\/actualites\/es\/avellana-coudrier-beneficios-usos-y-botanica-de-esta-planta\/#respond\"]}]},{\"@type\":\"WebPage\",\"@id\":\"https:\/\/www.france-herboristerie.com\/actualites\/es\/avellana-coudrier-beneficios-usos-y-botanica-de-esta-planta\/\",\"url\":\"https:\/\/www.france-herboristerie.com\/actualites\/es\/avellana-coudrier-beneficios-usos-y-botanica-de-esta-planta\/\",\"name\":\"Avellana (Coudrier): beneficios, usos y bot\u00e1nica de esta planta\",\"isPartOf\":{\"@id\":\"https:\/\/www.france-herboristerie.com\/actualites\/es\/#website\"},\"primaryImageOfPage\":{\"@id\":\"https:\/\/www.france-herboristerie.com\/actualites\/es\/avellana-coudrier-beneficios-usos-y-botanica-de-esta-planta\/#primaryimage\"},\"image\":{\"@id\":\"https:\/\/www.france-herboristerie.com\/actualites\/es\/avellana-coudrier-beneficios-usos-y-botanica-de-esta-planta\/#primaryimage\"},\"thumbnailUrl\":\"https:\/\/www.france-herboristerie.com\/actualites\/wp-content\/uploads\/2024\/03\/noisetier.jpg\",\"datePublished\":\"2024-03-06T13:17:00+00:00\",\"dateModified\":\"2024-12-10T16:06:46+00:00\",\"breadcrumb\":{\"@id\":\"https:\/\/www.france-herboristerie.com\/actualites\/es\/avellana-coudrier-beneficios-usos-y-botanica-de-esta-planta\/#breadcrumb\"},\"inLanguage\":\"es\",\"potentialAction\":[{\"@type\":\"ReadAction\",\"target\":[\"https:\/\/www.france-herboristerie.com\/actualites\/es\/avellana-coudrier-beneficios-usos-y-botanica-de-esta-planta\/\"]}]},{\"@type\":\"ImageObject\",\"inLanguage\":\"es\",\"@id\":\"https:\/\/www.france-herboristerie.com\/actualites\/es\/avellana-coudrier-beneficios-usos-y-botanica-de-esta-planta\/#primaryimage\",\"url\":\"https:\/\/www.france-herboristerie.com\/actualites\/wp-content\/uploads\/2024\/03\/noisetier.jpg\",\"contentUrl\":\"https:\/\/www.france-herboristerie.com\/actualites\/wp-content\/uploads\/2024\/03\/noisetier.jpg\",\"width\":1080,\"height\":1080},{\"@type\":\"BreadcrumbList\",\"@id\":\"https:\/\/www.france-herboristerie.com\/actualites\/es\/avellana-coudrier-beneficios-usos-y-botanica-de-esta-planta\/#breadcrumb\",\"itemListElement\":[{\"@type\":\"ListItem\",\"position\":1,\"name\":\"Blog\",\"item\":\"https:\/\/www.france-herboristerie.com\/actualites\/es\/\"},{\"@type\":\"ListItem\",\"position\":2,\"name\":\"Avellana (Coudrier): beneficios, usos y bot\u00e1nica de esta planta\"}]},{\"@type\":\"WebSite\",\"@id\":\"https:\/\/www.france-herboristerie.com\/actualites\/es\/#website\",\"url\":\"https:\/\/www.france-herboristerie.com\/actualites\/es\/\",\"name\":\"Le Blog de France Herboristerie\",\"description\":\"\",\"publisher\":{\"@id\":\"https:\/\/www.france-herboristerie.com\/actualites\/es\/#organization\"},\"potentialAction\":[{\"@type\":\"SearchAction\",\"target\":{\"@type\":\"EntryPoint\",\"urlTemplate\":\"https:\/\/www.france-herboristerie.com\/actualites\/es\/?s={search_term_string}\"},\"query-input\":{\"@type\":\"PropertyValueSpecification\",\"valueRequired\":true,\"valueName\":\"search_term_string\"}}],\"inLanguage\":\"es\"},{\"@type\":\"Organization\",\"@id\":\"https:\/\/www.france-herboristerie.com\/actualites\/es\/#organization\",\"name\":\"France Herboristerie\",\"url\":\"https:\/\/www.france-herboristerie.com\/actualites\/es\/\",\"logo\":{\"@type\":\"ImageObject\",\"inLanguage\":\"es\",\"@id\":\"https:\/\/www.france-herboristerie.com\/actualites\/es\/#\/schema\/logo\/image\/\",\"url\":\"https:\/\/www.france-herboristerie.com\/actualites\/wp-content\/uploads\/2025\/01\/logo-FH.png\",\"contentUrl\":\"https:\/\/www.france-herboristerie.com\/actualites\/wp-content\/uploads\/2025\/01\/logo-FH.png\",\"width\":2278,\"height\":476,\"caption\":\"France Herboristerie\"},\"image\":{\"@id\":\"https:\/\/www.france-herboristerie.com\/actualites\/es\/#\/schema\/logo\/image\/\"},\"sameAs\":[\"https:\/\/www.facebook.com\/franceherboristerie\/\",\"https:\/\/www.instagram.com\/france_herboristerie\/\",\"https:\/\/fr.linkedin.com\/company\/france-herboristerie\"]},{\"@type\":\"Person\",\"@id\":\"https:\/\/www.france-herboristerie.com\/actualites\/es\/#\/schema\/person\/fd23ed4eff0fe925ac2ecf28518395e9\",\"name\":\"Clement Beaurain\",\"sameAs\":[\"https:\/\/x.com\/clement@lets-clic.com\"],\"url\":\"https:\/\/www.france-herboristerie.com\/actualites\/es\/author\/clement-b\/\"}]}<\/script>\n<!-- \/ Yoast SEO plugin. -->","yoast_head_json":{"title":"Avellana (Coudrier): beneficios, usos y bot\u00e1nica de esta planta","robots":{"index":"index","follow":"follow","max-snippet":"max-snippet:-1","max-image-preview":"max-image-preview:large","max-video-preview":"max-video-preview:-1"},"canonical":"https:\/\/www.france-herboristerie.com\/actualites\/es\/avellana-coudrier-beneficios-usos-y-botanica-de-esta-planta\/","og_locale":"es_ES","og_type":"article","og_title":"Avellana (Coudrier): beneficios, usos y bot\u00e1nica de esta planta","og_description":"Con su magn\u00edfica forma de paraguas, el avellano es un arbusto ornamental muy conocido por los jardineros. Gr\u00e1cil y tupido, es un atractivo a\u00f1adido a los espacios verdes de cualquier propiedad. Adem\u00e1s de sus cualidades decorativas, el avellano contiene principios activos que le confieren numerosos beneficios.","og_url":"https:\/\/www.france-herboristerie.com\/actualites\/es\/avellana-coudrier-beneficios-usos-y-botanica-de-esta-planta\/","og_site_name":"Blog France Herboristerie","article_publisher":"https:\/\/www.facebook.com\/franceherboristerie\/","article_published_time":"2024-03-06T13:17:00+00:00","article_modified_time":"2024-12-10T16:06:46+00:00","og_image":[{"width":1080,"height":1080,"url":"https:\/\/www.france-herboristerie.com\/actualites\/wp-content\/uploads\/2024\/03\/noisetier.jpg","type":"image\/jpeg"}],"author":"Clement Beaurain","twitter_card":"summary_large_image","twitter_creator":"@clement@lets-clic.com","twitter_misc":{"Escrito por":"Clement Beaurain"},"schema":{"@context":"https:\/\/schema.org","@graph":[{"@type":"Article","@id":"https:\/\/www.france-herboristerie.com\/actualites\/es\/avellana-coudrier-beneficios-usos-y-botanica-de-esta-planta\/#article","isPartOf":{"@id":"https:\/\/www.france-herboristerie.com\/actualites\/es\/avellana-coudrier-beneficios-usos-y-botanica-de-esta-planta\/"},"author":{"name":"Clement Beaurain","@id":"https:\/\/www.france-herboristerie.com\/actualites\/es\/#\/schema\/person\/fd23ed4eff0fe925ac2ecf28518395e9"},"headline":"Avellana (Coudrier): beneficios, usos y bot\u00e1nica de esta planta","datePublished":"2024-03-06T13:17:00+00:00","dateModified":"2024-12-10T16:06:46+00:00","mainEntityOfPage":{"@id":"https:\/\/www.france-herboristerie.com\/actualites\/es\/avellana-coudrier-beneficios-usos-y-botanica-de-esta-planta\/"},"wordCount":10,"commentCount":0,"publisher":{"@id":"https:\/\/www.france-herboristerie.com\/actualites\/es\/#organization"},"image":{"@id":"https:\/\/www.france-herboristerie.com\/actualites\/es\/avellana-coudrier-beneficios-usos-y-botanica-de-esta-planta\/#primaryimage"},"thumbnailUrl":"https:\/\/www.france-herboristerie.com\/actualites\/wp-content\/uploads\/2024\/03\/noisetier.jpg","keywords":["b\u00e1lsamo","receta"],"articleSection":["Colesterol","Tr\u00e1fico"],"inLanguage":"es","potentialAction":[{"@type":"CommentAction","name":"Comment","target":["https:\/\/www.france-herboristerie.com\/actualites\/es\/avellana-coudrier-beneficios-usos-y-botanica-de-esta-planta\/#respond"]}]},{"@type":"WebPage","@id":"https:\/\/www.france-herboristerie.com\/actualites\/es\/avellana-coudrier-beneficios-usos-y-botanica-de-esta-planta\/","url":"https:\/\/www.france-herboristerie.com\/actualites\/es\/avellana-coudrier-beneficios-usos-y-botanica-de-esta-planta\/","name":"Avellana (Coudrier): beneficios, usos y bot\u00e1nica de esta planta","isPartOf":{"@id":"https:\/\/www.france-herboristerie.com\/actualites\/es\/#website"},"primaryImageOfPage":{"@id":"https:\/\/www.france-herboristerie.com\/actualites\/es\/avellana-coudrier-beneficios-usos-y-botanica-de-esta-planta\/#primaryimage"},"image":{"@id":"https:\/\/www.france-herboristerie.com\/actualites\/es\/avellana-coudrier-beneficios-usos-y-botanica-de-esta-planta\/#primaryimage"},"thumbnailUrl":"https:\/\/www.france-herboristerie.com\/actualites\/wp-content\/uploads\/2024\/03\/noisetier.jpg","datePublished":"2024-03-06T13:17:00+00:00","dateModified":"2024-12-10T16:06:46+00:00","breadcrumb":{"@id":"https:\/\/www.france-herboristerie.com\/actualites\/es\/avellana-coudrier-beneficios-usos-y-botanica-de-esta-planta\/#breadcrumb"},"inLanguage":"es","potentialAction":[{"@type":"ReadAction","target":["https:\/\/www.france-herboristerie.com\/actualites\/es\/avellana-coudrier-beneficios-usos-y-botanica-de-esta-planta\/"]}]},{"@type":"ImageObject","inLanguage":"es","@id":"https:\/\/www.france-herboristerie.com\/actualites\/es\/avellana-coudrier-beneficios-usos-y-botanica-de-esta-planta\/#primaryimage","url":"https:\/\/www.france-herboristerie.com\/actualites\/wp-content\/uploads\/2024\/03\/noisetier.jpg","contentUrl":"https:\/\/www.france-herboristerie.com\/actualites\/wp-content\/uploads\/2024\/03\/noisetier.jpg","width":1080,"height":1080},{"@type":"BreadcrumbList","@id":"https:\/\/www.france-herboristerie.com\/actualites\/es\/avellana-coudrier-beneficios-usos-y-botanica-de-esta-planta\/#breadcrumb","itemListElement":[{"@type":"ListItem","position":1,"name":"Blog","item":"https:\/\/www.france-herboristerie.com\/actualites\/es\/"},{"@type":"ListItem","position":2,"name":"Avellana (Coudrier): beneficios, usos y bot\u00e1nica de esta planta"}]},{"@type":"WebSite","@id":"https:\/\/www.france-herboristerie.com\/actualites\/es\/#website","url":"https:\/\/www.france-herboristerie.com\/actualites\/es\/","name":"Le Blog de France Herboristerie","description":"","publisher":{"@id":"https:\/\/www.france-herboristerie.com\/actualites\/es\/#organization"},"potentialAction":[{"@type":"SearchAction","target":{"@type":"EntryPoint","urlTemplate":"https:\/\/www.france-herboristerie.com\/actualites\/es\/?s={search_term_string}"},"query-input":{"@type":"PropertyValueSpecification","valueRequired":true,"valueName":"search_term_string"}}],"inLanguage":"es"},{"@type":"Organization","@id":"https:\/\/www.france-herboristerie.com\/actualites\/es\/#organization","name":"France Herboristerie","url":"https:\/\/www.france-herboristerie.com\/actualites\/es\/","logo":{"@type":"ImageObject","inLanguage":"es","@id":"https:\/\/www.france-herboristerie.com\/actualites\/es\/#\/schema\/logo\/image\/","url":"https:\/\/www.france-herboristerie.com\/actualites\/wp-content\/uploads\/2025\/01\/logo-FH.png","contentUrl":"https:\/\/www.france-herboristerie.com\/actualites\/wp-content\/uploads\/2025\/01\/logo-FH.png","width":2278,"height":476,"caption":"France Herboristerie"},"image":{"@id":"https:\/\/www.france-herboristerie.com\/actualites\/es\/#\/schema\/logo\/image\/"},"sameAs":["https:\/\/www.facebook.com\/franceherboristerie\/","https:\/\/www.instagram.com\/france_herboristerie\/","https:\/\/fr.linkedin.com\/company\/france-herboristerie"]},{"@type":"Person","@id":"https:\/\/www.france-herboristerie.com\/actualites\/es\/#\/schema\/person\/fd23ed4eff0fe925ac2ecf28518395e9","name":"Clement Beaurain","sameAs":["https:\/\/x.com\/clement@lets-clic.com"],"url":"https:\/\/www.france-herboristerie.com\/actualites\/es\/author\/clement-b\/"}]}},"_links":{"self":[{"href":"https:\/\/www.france-herboristerie.com\/actualites\/es\/wp-json\/wp\/v2\/posts\/1569","targetHints":{"allow":["GET"]}}],"collection":[{"href":"https:\/\/www.france-herboristerie.com\/actualites\/es\/wp-json\/wp\/v2\/posts"}],"about":[{"href":"https:\/\/www.france-herboristerie.com\/actualites\/es\/wp-json\/wp\/v2\/types\/post"}],"author":[{"embeddable":true,"href":"https:\/\/www.france-herboristerie.com\/actualites\/es\/wp-json\/wp\/v2\/users\/2"}],"replies":[{"embeddable":true,"href":"https:\/\/www.france-herboristerie.com\/actualites\/es\/wp-json\/wp\/v2\/comments?post=1569"}],"version-history":[{"count":1,"href":"https:\/\/www.france-herboristerie.com\/actualites\/es\/wp-json\/wp\/v2\/posts\/1569\/revisions"}],"predecessor-version":[{"id":1571,"href":"https:\/\/www.france-herboristerie.com\/actualites\/es\/wp-json\/wp\/v2\/posts\/1569\/revisions\/1571"}],"wp:featuredmedia":[{"embeddable":true,"href":"https:\/\/www.france-herboristerie.com\/actualites\/es\/wp-json\/wp\/v2\/media\/830"}],"wp:attachment":[{"href":"https:\/\/www.france-herboristerie.com\/actualites\/es\/wp-json\/wp\/v2\/media?parent=1569"}],"wp:term":[{"taxonomy":"category","embeddable":true,"href":"https:\/\/www.france-herboristerie.com\/actualites\/es\/wp-json\/wp\/v2\/categories?post=1569"},{"taxonomy":"post_tag","embeddable":true,"href":"https:\/\/www.france-herboristerie.com\/actualites\/es\/wp-json\/wp\/v2\/tags?post=1569"}],"curies":[{"name":"wp","href":"https:\/\/api.w.org\/{rel}","templated":true}]}}