{"id":282,"date":"2024-03-05T16:23:30","date_gmt":"2024-03-05T15:23:30","guid":{"rendered":"https:\/\/www.france-herboristerie.com\/actualites\/?p=172"},"modified":"2025-11-26T10:16:26","modified_gmt":"2025-11-26T10:16:26","slug":"le-thym-de-provence-bienfaits-et-utilisation","status":"publish","type":"post","link":"https:\/\/www.france-herboristerie.com\/actualites\/le-thym-de-provence-bienfaits-et-utilisation\/","title":{"rendered":"Le Thym de Provence: bienfaits et utilisation"},"content":{"rendered":"<div class=\"background_article_haut\">\n  <div class=\"article_container\">\n    <section class=\"article_haut\">\n              <div class=\"img_article_container\">\n          <img decoding=\"async\"\n            class=\"image_article\"\n            src=\"https:\/\/www.france-herboristerie.com\/actualites\/wp-content\/uploads\/2024\/03\/thym.jpg?format=webp\"\n            alt=\"\">\n        <\/div>\n            <div class=\"texte_container\">\n        <h1 class=\"titre_article\">Le Thym de Provence: bienfaits et utilisation<\/h1>\n        <div class=\"date_article\">\n          <time datetime=\"2024-03-05T16:23:30+00:00\" class=\"publication_date\">\n            5 mars 2024          <\/time>\n        <\/div>\n        <div class=\"texte_article\"><p><strong>Le thym de Provence, en 3 points essentiels:<\/strong><\/p>\n<p>-Contient des antioxydants naturels qui aident \u00e0 vous prot\u00e9ger des radicaux libres et qui aident \u00e0 prot\u00e9ger vos cellules et les tissus contre l&rsquo;oxydation<\/p>\n<p>-Permet de lutter contre les refroidissements<\/p>\n<p>-Contribue au maintien d&rsquo;une sant\u00e9 respiratoire normale<\/p>\n<p>&nbsp;<\/p>\n<p>Si le thym de Provence est utilis\u00e9 en cuisine, son utilisation en phytoth\u00e9rapie n\u2019est pas tr\u00e8s commune. Pourtant, cet ingr\u00e9dient contribue au bien-\u00eatre de notre organisme. \u00c0 l\u2019instar d\u2019autres sous-arbrisseaux utilis\u00e9s en phytoth\u00e9rapie, le thym de Provence contient beaucoup de principes actifs tr\u00e8s int\u00e9ressants.<\/p>\n<\/div>\n      <\/div>\n    <\/section>\n  <\/div>\n<\/div>\n\n<section class=\"article_champ\">\n  <div class=\"champ_container\">\n    <div class=\"champ_texte_article\"><p><strong>Les caract\u00e9ristiques botaniques du thym de Provence<\/strong><\/p>\n<p>Le thym de Provence est l\u2019une des vari\u00e9t\u00e9s de thym consid\u00e9r\u00e9es comme les plus robustes. En effet, il r\u00e9siste tr\u00e8s bien au froid. Haut jusqu\u2019\u00e0 30\u00a0cm, le thym de Provence est un sous-arbrisseau vivace, touffu et odorant qui appartient \u00e0 la famille des Lamiac\u00e9es. Ligneuses et quadrangulaires, ses tiges portent de petites feuilles sessiles et persistantes.<\/p>\n<p>Ces feuilles ont une forme lanc\u00e9ol\u00e9e et sont reconnaissables \u00e0 leur couleur vert gris\u00e9. Le thym de Provence ou thym commun fleurit g\u00e9n\u00e9ralement entre les mois de juin et d\u2019ao\u00fbt, parfois jusqu\u2019en octobre. Il se couvre alors de petites fleurs blanches ou rose mauve d\u2019environ 4 \u00e0 6\u00a0mm regroup\u00e9es en \u00e9pis foliac\u00e9s.<\/p>\n<p>&nbsp;<\/p>\n<\/div>\n  <\/div>\n<\/section>\n\n<section class=\"article_champ\">\n  <div class=\"champ_container\">\n    <div class=\"champ_texte_article\"><p><strong>Tout ce qu\u2019il faut savoir pour mieux cultiver le thym de Provence<\/strong><\/p>\n<p>Originaire du bassin m\u00e9diterran\u00e9en, le thym de Provence s\u00e9duit par son caract\u00e8re facile \u00e0 cultiver. Il s\u2019adapte \u00e0 tous les types de sols, mais a n\u00e9anmoins une pr\u00e9f\u00e9rence pour les sols pauvres, l\u00e9gers et caillouteux. Ce sous-arbrisseau affectionne \u00e9galement les terrains bien drain\u00e9s. Si vous optez pour une plantation en pleine terre, nous vous recommandons de l\u2019installer dans un coin tr\u00e8s ensoleill\u00e9.<\/p>\n<p>Espacer les plants de 30\u00a0cm entre eux est n\u00e9cessaire pour favoriser leur bon d\u00e9veloppement. Si vous privil\u00e9giez la plantation en pot, il est conseill\u00e9 d\u2019installer un lit de graviers ou de billes d\u2019argile au fond du contenant. Cela facilite consid\u00e9rablement le drainage. Par ailleurs, il est toujours pr\u00e9f\u00e9rable de remplir le pot avec un m\u00e9lange de terre de jardin et de terreau.<\/p>\n<p>Le thym de Provence se cultive id\u00e9alement au printemps ou en automne. Vous pouvez proc\u00e9der, soit par division de touffes, soit par bouturage. Une fois les plants cultiv\u00e9s, un arrosage r\u00e9gulier est recommand\u00e9, notamment durant la p\u00e9riode estivale. Dans le cas d\u2019une culture en pot, pensez toujours \u00e0 jeter l\u2019eau qui stagne dans la soucoupe : ce sous-arbrisseau ne supporte pas l\u2019exc\u00e8s d\u2019humidit\u00e9. Une taille annuelle permet au thym de conserver un joli port trapu et arrondi.<\/p>\n<p>&nbsp;<\/p>\n<\/div>\n  <\/div>\n<\/section>\n\n<section class=\"article_champ\">\n  <div class=\"champ_container\">\n    <div class=\"champ_texte_article\"><p><strong>Les bienfaits du thym de Provence sur l\u2019organisme\u00a0<\/strong><\/p>\n<p>En phytoth\u00e9rapie, on utilise principalement les feuilles et les fleurs s\u00e9ch\u00e9es du sous-arbrisseau. Ces parties a\u00e9riennes du thym de Provence contiennent de nombreuses substances actives, dont du mangan\u00e8se et du calcium. Elles renferment \u00e9galement des flavono\u00efdes, dont de l\u2019apig\u00e9nol et du lut\u00e9olol, ainsi qu\u2019une bonne dose de vitamines C et K. On retrouve aussi du thymol, du g\u00e9raniol, du linalol et du paracym\u00e8ne dans les parties a\u00e9riennes du thym de Provence.<\/p>\n<p>Tous ces principes actifs agissent de fa\u00e7on synergique pour vous soulager en cas de chatouillement dans la gorge et le pharynx. Ils ont en effet, un effet apaisant agr\u00e9able sur les cordes vocales, le pharynx et la gorge.<\/p>\n<p>Ils aident \u00e9galement \u00e0 soulager les sensations de ballonnements et les flatulences. Les extraits de thym de Provence peuvent aussi \u00eatre utilis\u00e9s en cas de d\u00e9r\u00e8glements intestinaux tels que la diarrh\u00e9e. Aujourd\u2019hui, le thym de Provence est commercialis\u00e9 dans des formes vari\u00e9es pour en faciliter la consommation. Vous pouvez ais\u00e9ment les acheter sous la forme de sirop ou de g\u00e9lules. Par ailleurs, les fleurs et les feuilles s\u00e9ch\u00e9es permettent la pr\u00e9paration de tisanes et d\u2019infusions. Quel que soit le format privil\u00e9gi\u00e9, nous vous invitons toujours \u00e0 lire les notices avant de r\u00e9aliser une cure. En outre, lorsque vous entamez une cure, veillez \u00e0 bien respecter la dur\u00e9e conseill\u00e9e.<\/p>\n<p>Les feuilles du thym de Provence ont l\u2019avantage de pouvoir \u00eatre r\u00e9colt\u00e9es toute l\u2019ann\u00e9e. Pour les conserver, il suffit de les laver puis de les mettre \u00e0 s\u00e9cher. Le bouquet est ensuite suspendu t\u00eate en bas dans un endroit sec et frais. En cuisine, les feuilles de thym de Provence parfument agr\u00e9ablement tous les plats, surtout ceux mijot\u00e9s et les sauces. Vous pouvez l\u2019associer au Laurier, au Persil et au Romarin pour composer un joli bouquet garni. Le thym de Provence figure \u00e9galement parmi les ingr\u00e9dients essentiels du m\u00e9lange d\u2019herbes appel\u00e9 \u00ab\u2009herbes de Provence\u2009\u00bb.<\/p>\n<\/div>\n  <\/div>\n<\/section>\n\n<div class=\"background_article_haut\">\n  <div class=\"article_container\">\n    <section class=\"article_haut\">\n              <div class=\"img_article_container\">\n          <img decoding=\"async\"\n            class=\"image_article image-article-section\"\n            src=\"https:\/\/www.france-herboristerie.com\/actualites\/wp-content\/uploads\/2024\/03\/thym-monde-extra-feuille-entiere-100-g-thymus-vulgaris.jpg?format=webp\"\n            alt=\"\">\n        <\/div>\n            <div class=\"texte_container\">\n        <h2 class=\"titre_article\">Nos produits France-Herboristerie \u00e0 base de Thym: <\/h2>\n        <div class=\"texte_article\"><p><!-- wp:paragraph --><\/p>\n<p><em>&#8211;<a href=\"https:\/\/www.france-herboristerie.com\/tisanes-plantes-simples\/129690-thym-monde-extra-feuille-entiere-100-g-thymus-vulgaris-3701220712144.html\">Tisanes de thym de provence<\/a> : <\/em>100 grammes, 250 grammes, 1kg<\/p>\n<p>&#8211;<a href=\"https:\/\/www.france-herboristerie.com\/infusettes\/357873-tisane-thym-bio-3700496339222.html\">Tisanes de thym bio<\/a> : 20 sachets<\/p>\n<p><!-- \/wp:paragraph --> <!-- wp:paragraph --><\/p>\n<p><em>&#8211;<a href=\"https:\/\/www.france-herboristerie.com\/gelules-plantes-simples\/356237-2048-gelules-thym-250-mg-120-gelules-poudre-pure-3700216235513.html\">G\u00e9lules de thym<\/a>: <\/em>100 g\u00e9lules, 200 g\u00e9lules<\/p>\n<p><!-- \/wp:paragraph --> <!-- wp:paragraph --><\/p>\n<p><em>&#8211;<a href=\"https:\/\/www.france-herboristerie.com\/huiles-essentielles-bio-ab\/357714-huile-essentielle-thym-thymol-bio-ab-10ml-3700216223701.html\">Huiles essentielles de thym<\/a>: <\/em>10ml, 30ml, 50ml<\/p>\n<p><!-- \/wp:paragraph --> <!-- wp:paragraph --><\/p>\n<p><em>-Hydrolats de Thym: <\/em>Hydrolat de <a href=\"https:\/\/www.france-herboristerie.com\/eaux-florales\/359071-hydrolat-de-thym-a-linalol-bio-200ml-france-herboristerie-3770007380746.html?search_query=thym&amp;results=64\">Thym \u00e0 Linalol 200ml<\/a>, <a href=\"https:\/\/www.france-herboristerie.com\/eaux-florales\/359074-hydrolat-de-thym-a-thujanol-bio-200ml-france-herboristerie-3770007380876.html?search_query=thym&amp;results=64\">Hydrolat de Thym \u00e0 Thujanol 200ml<\/a><\/p>\n<!-- \/wp:paragraph --><\/div>\n      <\/div>\n    <\/section>\n  <\/div>\n<\/div>\n\n\n<p>D\u00e9couvrez aussi les articles de blog suivants : <\/p>\n\n\n\n<ul class=\"wp-block-list\">\n<li><a href=\"https:\/\/www.france-herboristerie.com\/actualites\/le-thym-de-provence-bienfaits-et-utilisation\/\">Les bienfaits de la tisane de Thym de Provence<\/a><\/li>\n\n\n\n<li><a href=\"https:\/\/www.france-herboristerie.com\/actualites\/comment-preparer-infusion-thym\/\">Comment faire une infusion de thym ?<\/a><\/li>\n<\/ul>\n","protected":false},"excerpt":{"rendered":"<p>Si le thym de Provence est utilis\u00e9 en cuisine, son utilisation en phytoth\u00e9rapie n\u2019est pas tr\u00e8s commune. Pourtant, cet ingr\u00e9dient contribue au bien-\u00eatre de notre organisme. \u00c0 l\u2019instar d\u2019autres sous-arbrisseaux utilis\u00e9s en phytoth\u00e9rapie, le thym de Provence contient beaucoup de principes actifs tr\u00e8s int\u00e9ressants.<\/p>\n","protected":false},"author":4,"featured_media":376,"comment_status":"open","ping_status":"open","sticky":false,"template":"","format":"standard","meta":{"_acf_changed":false,"footnotes":""},"categories":[43,2],"tags":[8,49,50,51],"class_list":["post-282","post","type-post","status-publish","format-standard","has-post-thumbnail","hentry","category-immunite","category-sante-et-bien-etre","tag-conseils-dutilisation","tag-refroidissements","tag-respiration","tag-thym-de-provence"],"acf":[],"yoast_head":"<!-- This site is optimized with the Yoast SEO plugin v26.4 - https:\/\/yoast.com\/wordpress\/plugins\/seo\/ -->\n<title>Les bienfaits et utilisation du Thym de Provence<\/title>\n<meta name=\"description\" content=\"Prot\u00e9ge de l&#039;oxydation, permet de lutter contre les refroidissements et aide au maintien d&#039;une sant\u00e9 respiratoire normale.\" \/>\n<meta name=\"robots\" content=\"index, follow, max-snippet:-1, max-image-preview:large, max-video-preview:-1\" \/>\n<link rel=\"canonical\" href=\"https:\/\/www.france-herboristerie.com\/actualites\/le-thym-de-provence-bienfaits-et-utilisation\/\" \/>\n<meta property=\"og:locale\" content=\"fr_FR\" \/>\n<meta property=\"og:type\" content=\"article\" \/>\n<meta property=\"og:title\" content=\"Les bienfaits et utilisation du Thym de Provence\" \/>\n<meta property=\"og:description\" content=\"Prot\u00e9ge de l&#039;oxydation, permet de lutter contre les refroidissements et aide au maintien d&#039;une sant\u00e9 respiratoire normale.\" \/>\n<meta property=\"og:url\" content=\"https:\/\/www.france-herboristerie.com\/actualites\/le-thym-de-provence-bienfaits-et-utilisation\/\" \/>\n<meta property=\"og:site_name\" content=\"Blog France Herboristerie\" \/>\n<meta property=\"article:publisher\" content=\"https:\/\/www.facebook.com\/franceherboristerie\/\" \/>\n<meta property=\"article:published_time\" content=\"2024-03-05T15:23:30+00:00\" \/>\n<meta property=\"article:modified_time\" content=\"2025-11-26T10:16:26+00:00\" \/>\n<meta property=\"og:image\" content=\"https:\/\/www.france-herboristerie.com\/actualites\/wp-content\/uploads\/2024\/03\/thym-2.jpg\" \/>\n\t<meta property=\"og:image:width\" content=\"1080\" \/>\n\t<meta property=\"og:image:height\" content=\"1080\" \/>\n\t<meta property=\"og:image:type\" content=\"image\/jpeg\" \/>\n<meta name=\"author\" content=\"Beytullah\" \/>\n<meta name=\"twitter:card\" content=\"summary_large_image\" \/>\n<meta name=\"twitter:label1\" content=\"\u00c9crit par\" \/>\n\t<meta name=\"twitter:data1\" content=\"Beytullah\" \/>\n\t<meta name=\"twitter:label2\" content=\"Dur\u00e9e de lecture estim\u00e9e\" \/>\n\t<meta name=\"twitter:data2\" content=\"1 minute\" \/>\n<script type=\"application\/ld+json\" class=\"yoast-schema-graph\">{\"@context\":\"https:\/\/schema.org\",\"@graph\":[{\"@type\":\"Article\",\"@id\":\"https:\/\/www.france-herboristerie.com\/actualites\/le-thym-de-provence-bienfaits-et-utilisation\/#article\",\"isPartOf\":{\"@id\":\"https:\/\/www.france-herboristerie.com\/actualites\/le-thym-de-provence-bienfaits-et-utilisation\/\"},\"author\":{\"name\":\"Beytullah\",\"@id\":\"https:\/\/www.france-herboristerie.com\/actualites\/#\/schema\/person\/02351314d0ae52e0c64ef717d549bb43\"},\"headline\":\"Le Thym de Provence: bienfaits et utilisation\",\"datePublished\":\"2024-03-05T15:23:30+00:00\",\"dateModified\":\"2025-11-26T10:16:26+00:00\",\"mainEntityOfPage\":{\"@id\":\"https:\/\/www.france-herboristerie.com\/actualites\/le-thym-de-provence-bienfaits-et-utilisation\/\"},\"wordCount\":30,\"commentCount\":0,\"publisher\":{\"@id\":\"https:\/\/www.france-herboristerie.com\/actualites\/#organization\"},\"image\":{\"@id\":\"https:\/\/www.france-herboristerie.com\/actualites\/le-thym-de-provence-bienfaits-et-utilisation\/#primaryimage\"},\"thumbnailUrl\":\"https:\/\/www.france-herboristerie.com\/actualites\/wp-content\/uploads\/2024\/03\/thym-2.jpg\",\"keywords\":[\"Conseils d'utilisation\",\"refroidissements\",\"respiration\",\"thym de Provence\"],\"articleSection\":[\"Immunit\u00e9\",\"Sant\u00e9 et Bien-\u00eatre\"],\"inLanguage\":\"fr-FR\",\"potentialAction\":[{\"@type\":\"CommentAction\",\"name\":\"Comment\",\"target\":[\"https:\/\/www.france-herboristerie.com\/actualites\/le-thym-de-provence-bienfaits-et-utilisation\/#respond\"]}]},{\"@type\":\"WebPage\",\"@id\":\"https:\/\/www.france-herboristerie.com\/actualites\/le-thym-de-provence-bienfaits-et-utilisation\/\",\"url\":\"https:\/\/www.france-herboristerie.com\/actualites\/le-thym-de-provence-bienfaits-et-utilisation\/\",\"name\":\"Les bienfaits et utilisation du Thym de Provence\",\"isPartOf\":{\"@id\":\"https:\/\/www.france-herboristerie.com\/actualites\/#website\"},\"primaryImageOfPage\":{\"@id\":\"https:\/\/www.france-herboristerie.com\/actualites\/le-thym-de-provence-bienfaits-et-utilisation\/#primaryimage\"},\"image\":{\"@id\":\"https:\/\/www.france-herboristerie.com\/actualites\/le-thym-de-provence-bienfaits-et-utilisation\/#primaryimage\"},\"thumbnailUrl\":\"https:\/\/www.france-herboristerie.com\/actualites\/wp-content\/uploads\/2024\/03\/thym-2.jpg\",\"datePublished\":\"2024-03-05T15:23:30+00:00\",\"dateModified\":\"2025-11-26T10:16:26+00:00\",\"description\":\"Prot\u00e9ge de l'oxydation, permet de lutter contre les refroidissements et aide au maintien d'une sant\u00e9 respiratoire normale.\",\"breadcrumb\":{\"@id\":\"https:\/\/www.france-herboristerie.com\/actualites\/le-thym-de-provence-bienfaits-et-utilisation\/#breadcrumb\"},\"inLanguage\":\"fr-FR\",\"potentialAction\":[{\"@type\":\"ReadAction\",\"target\":[\"https:\/\/www.france-herboristerie.com\/actualites\/le-thym-de-provence-bienfaits-et-utilisation\/\"]}]},{\"@type\":\"ImageObject\",\"inLanguage\":\"fr-FR\",\"@id\":\"https:\/\/www.france-herboristerie.com\/actualites\/le-thym-de-provence-bienfaits-et-utilisation\/#primaryimage\",\"url\":\"https:\/\/www.france-herboristerie.com\/actualites\/wp-content\/uploads\/2024\/03\/thym-2.jpg\",\"contentUrl\":\"https:\/\/www.france-herboristerie.com\/actualites\/wp-content\/uploads\/2024\/03\/thym-2.jpg\",\"width\":1080,\"height\":1080},{\"@type\":\"BreadcrumbList\",\"@id\":\"https:\/\/www.france-herboristerie.com\/actualites\/le-thym-de-provence-bienfaits-et-utilisation\/#breadcrumb\",\"itemListElement\":[{\"@type\":\"ListItem\",\"position\":1,\"name\":\"Blog\",\"item\":\"https:\/\/www.france-herboristerie.com\/actualites\/\"},{\"@type\":\"ListItem\",\"position\":2,\"name\":\"Le Thym de Provence: bienfaits et utilisation\"}]},{\"@type\":\"WebSite\",\"@id\":\"https:\/\/www.france-herboristerie.com\/actualites\/#website\",\"url\":\"https:\/\/www.france-herboristerie.com\/actualites\/\",\"name\":\"Le Blog de France Herboristerie\",\"description\":\"\",\"publisher\":{\"@id\":\"https:\/\/www.france-herboristerie.com\/actualites\/#organization\"},\"potentialAction\":[{\"@type\":\"SearchAction\",\"target\":{\"@type\":\"EntryPoint\",\"urlTemplate\":\"https:\/\/www.france-herboristerie.com\/actualites\/?s={search_term_string}\"},\"query-input\":{\"@type\":\"PropertyValueSpecification\",\"valueRequired\":true,\"valueName\":\"search_term_string\"}}],\"inLanguage\":\"fr-FR\"},{\"@type\":\"Organization\",\"@id\":\"https:\/\/www.france-herboristerie.com\/actualites\/#organization\",\"name\":\"France Herboristerie\",\"url\":\"https:\/\/www.france-herboristerie.com\/actualites\/\",\"logo\":{\"@type\":\"ImageObject\",\"inLanguage\":\"fr-FR\",\"@id\":\"https:\/\/www.france-herboristerie.com\/actualites\/#\/schema\/logo\/image\/\",\"url\":\"https:\/\/www.france-herboristerie.com\/actualites\/wp-content\/uploads\/2025\/01\/logo-FH.png\",\"contentUrl\":\"https:\/\/www.france-herboristerie.com\/actualites\/wp-content\/uploads\/2025\/01\/logo-FH.png\",\"width\":2278,\"height\":476,\"caption\":\"France Herboristerie\"},\"image\":{\"@id\":\"https:\/\/www.france-herboristerie.com\/actualites\/#\/schema\/logo\/image\/\"},\"sameAs\":[\"https:\/\/www.facebook.com\/franceherboristerie\/\",\"https:\/\/www.instagram.com\/france_herboristerie\/\",\"https:\/\/fr.linkedin.com\/company\/france-herboristerie\"]},{\"@type\":\"Person\",\"@id\":\"https:\/\/www.france-herboristerie.com\/actualites\/#\/schema\/person\/02351314d0ae52e0c64ef717d549bb43\",\"name\":\"Beytullah\",\"url\":\"https:\/\/www.france-herboristerie.com\/actualites\/author\/beytullah\/\"}]}<\/script>\n<!-- \/ Yoast SEO plugin. -->","yoast_head_json":{"title":"Les bienfaits et utilisation du Thym de Provence","description":"Prot\u00e9ge de l'oxydation, permet de lutter contre les refroidissements et aide au maintien d'une sant\u00e9 respiratoire normale.","robots":{"index":"index","follow":"follow","max-snippet":"max-snippet:-1","max-image-preview":"max-image-preview:large","max-video-preview":"max-video-preview:-1"},"canonical":"https:\/\/www.france-herboristerie.com\/actualites\/le-thym-de-provence-bienfaits-et-utilisation\/","og_locale":"fr_FR","og_type":"article","og_title":"Les bienfaits et utilisation du Thym de Provence","og_description":"Prot\u00e9ge de l'oxydation, permet de lutter contre les refroidissements et aide au maintien d'une sant\u00e9 respiratoire normale.","og_url":"https:\/\/www.france-herboristerie.com\/actualites\/le-thym-de-provence-bienfaits-et-utilisation\/","og_site_name":"Blog France Herboristerie","article_publisher":"https:\/\/www.facebook.com\/franceherboristerie\/","article_published_time":"2024-03-05T15:23:30+00:00","article_modified_time":"2025-11-26T10:16:26+00:00","og_image":[{"width":1080,"height":1080,"url":"https:\/\/www.france-herboristerie.com\/actualites\/wp-content\/uploads\/2024\/03\/thym-2.jpg","type":"image\/jpeg"}],"author":"Beytullah","twitter_card":"summary_large_image","twitter_misc":{"\u00c9crit par":"Beytullah","Dur\u00e9e de lecture estim\u00e9e":"1 minute"},"schema":{"@context":"https:\/\/schema.org","@graph":[{"@type":"Article","@id":"https:\/\/www.france-herboristerie.com\/actualites\/le-thym-de-provence-bienfaits-et-utilisation\/#article","isPartOf":{"@id":"https:\/\/www.france-herboristerie.com\/actualites\/le-thym-de-provence-bienfaits-et-utilisation\/"},"author":{"name":"Beytullah","@id":"https:\/\/www.france-herboristerie.com\/actualites\/#\/schema\/person\/02351314d0ae52e0c64ef717d549bb43"},"headline":"Le Thym de Provence: bienfaits et utilisation","datePublished":"2024-03-05T15:23:30+00:00","dateModified":"2025-11-26T10:16:26+00:00","mainEntityOfPage":{"@id":"https:\/\/www.france-herboristerie.com\/actualites\/le-thym-de-provence-bienfaits-et-utilisation\/"},"wordCount":30,"commentCount":0,"publisher":{"@id":"https:\/\/www.france-herboristerie.com\/actualites\/#organization"},"image":{"@id":"https:\/\/www.france-herboristerie.com\/actualites\/le-thym-de-provence-bienfaits-et-utilisation\/#primaryimage"},"thumbnailUrl":"https:\/\/www.france-herboristerie.com\/actualites\/wp-content\/uploads\/2024\/03\/thym-2.jpg","keywords":["Conseils d'utilisation","refroidissements","respiration","thym de Provence"],"articleSection":["Immunit\u00e9","Sant\u00e9 et Bien-\u00eatre"],"inLanguage":"fr-FR","potentialAction":[{"@type":"CommentAction","name":"Comment","target":["https:\/\/www.france-herboristerie.com\/actualites\/le-thym-de-provence-bienfaits-et-utilisation\/#respond"]}]},{"@type":"WebPage","@id":"https:\/\/www.france-herboristerie.com\/actualites\/le-thym-de-provence-bienfaits-et-utilisation\/","url":"https:\/\/www.france-herboristerie.com\/actualites\/le-thym-de-provence-bienfaits-et-utilisation\/","name":"Les bienfaits et utilisation du Thym de Provence","isPartOf":{"@id":"https:\/\/www.france-herboristerie.com\/actualites\/#website"},"primaryImageOfPage":{"@id":"https:\/\/www.france-herboristerie.com\/actualites\/le-thym-de-provence-bienfaits-et-utilisation\/#primaryimage"},"image":{"@id":"https:\/\/www.france-herboristerie.com\/actualites\/le-thym-de-provence-bienfaits-et-utilisation\/#primaryimage"},"thumbnailUrl":"https:\/\/www.france-herboristerie.com\/actualites\/wp-content\/uploads\/2024\/03\/thym-2.jpg","datePublished":"2024-03-05T15:23:30+00:00","dateModified":"2025-11-26T10:16:26+00:00","description":"Prot\u00e9ge de l'oxydation, permet de lutter contre les refroidissements et aide au maintien d'une sant\u00e9 respiratoire normale.","breadcrumb":{"@id":"https:\/\/www.france-herboristerie.com\/actualites\/le-thym-de-provence-bienfaits-et-utilisation\/#breadcrumb"},"inLanguage":"fr-FR","potentialAction":[{"@type":"ReadAction","target":["https:\/\/www.france-herboristerie.com\/actualites\/le-thym-de-provence-bienfaits-et-utilisation\/"]}]},{"@type":"ImageObject","inLanguage":"fr-FR","@id":"https:\/\/www.france-herboristerie.com\/actualites\/le-thym-de-provence-bienfaits-et-utilisation\/#primaryimage","url":"https:\/\/www.france-herboristerie.com\/actualites\/wp-content\/uploads\/2024\/03\/thym-2.jpg","contentUrl":"https:\/\/www.france-herboristerie.com\/actualites\/wp-content\/uploads\/2024\/03\/thym-2.jpg","width":1080,"height":1080},{"@type":"BreadcrumbList","@id":"https:\/\/www.france-herboristerie.com\/actualites\/le-thym-de-provence-bienfaits-et-utilisation\/#breadcrumb","itemListElement":[{"@type":"ListItem","position":1,"name":"Blog","item":"https:\/\/www.france-herboristerie.com\/actualites\/"},{"@type":"ListItem","position":2,"name":"Le Thym de Provence: bienfaits et utilisation"}]},{"@type":"WebSite","@id":"https:\/\/www.france-herboristerie.com\/actualites\/#website","url":"https:\/\/www.france-herboristerie.com\/actualites\/","name":"Le Blog de France Herboristerie","description":"","publisher":{"@id":"https:\/\/www.france-herboristerie.com\/actualites\/#organization"},"potentialAction":[{"@type":"SearchAction","target":{"@type":"EntryPoint","urlTemplate":"https:\/\/www.france-herboristerie.com\/actualites\/?s={search_term_string}"},"query-input":{"@type":"PropertyValueSpecification","valueRequired":true,"valueName":"search_term_string"}}],"inLanguage":"fr-FR"},{"@type":"Organization","@id":"https:\/\/www.france-herboristerie.com\/actualites\/#organization","name":"France Herboristerie","url":"https:\/\/www.france-herboristerie.com\/actualites\/","logo":{"@type":"ImageObject","inLanguage":"fr-FR","@id":"https:\/\/www.france-herboristerie.com\/actualites\/#\/schema\/logo\/image\/","url":"https:\/\/www.france-herboristerie.com\/actualites\/wp-content\/uploads\/2025\/01\/logo-FH.png","contentUrl":"https:\/\/www.france-herboristerie.com\/actualites\/wp-content\/uploads\/2025\/01\/logo-FH.png","width":2278,"height":476,"caption":"France Herboristerie"},"image":{"@id":"https:\/\/www.france-herboristerie.com\/actualites\/#\/schema\/logo\/image\/"},"sameAs":["https:\/\/www.facebook.com\/franceherboristerie\/","https:\/\/www.instagram.com\/france_herboristerie\/","https:\/\/fr.linkedin.com\/company\/france-herboristerie"]},{"@type":"Person","@id":"https:\/\/www.france-herboristerie.com\/actualites\/#\/schema\/person\/02351314d0ae52e0c64ef717d549bb43","name":"Beytullah","url":"https:\/\/www.france-herboristerie.com\/actualites\/author\/beytullah\/"}]}},"_links":{"self":[{"href":"https:\/\/www.france-herboristerie.com\/actualites\/wp-json\/wp\/v2\/posts\/282","targetHints":{"allow":["GET"]}}],"collection":[{"href":"https:\/\/www.france-herboristerie.com\/actualites\/wp-json\/wp\/v2\/posts"}],"about":[{"href":"https:\/\/www.france-herboristerie.com\/actualites\/wp-json\/wp\/v2\/types\/post"}],"author":[{"embeddable":true,"href":"https:\/\/www.france-herboristerie.com\/actualites\/wp-json\/wp\/v2\/users\/4"}],"replies":[{"embeddable":true,"href":"https:\/\/www.france-herboristerie.com\/actualites\/wp-json\/wp\/v2\/comments?post=282"}],"version-history":[{"count":3,"href":"https:\/\/www.france-herboristerie.com\/actualites\/wp-json\/wp\/v2\/posts\/282\/revisions"}],"predecessor-version":[{"id":5125,"href":"https:\/\/www.france-herboristerie.com\/actualites\/wp-json\/wp\/v2\/posts\/282\/revisions\/5125"}],"wp:featuredmedia":[{"embeddable":true,"href":"https:\/\/www.france-herboristerie.com\/actualites\/wp-json\/wp\/v2\/media\/376"}],"wp:attachment":[{"href":"https:\/\/www.france-herboristerie.com\/actualites\/wp-json\/wp\/v2\/media?parent=282"}],"wp:term":[{"taxonomy":"category","embeddable":true,"href":"https:\/\/www.france-herboristerie.com\/actualites\/wp-json\/wp\/v2\/categories?post=282"},{"taxonomy":"post_tag","embeddable":true,"href":"https:\/\/www.france-herboristerie.com\/actualites\/wp-json\/wp\/v2\/tags?post=282"}],"curies":[{"name":"wp","href":"https:\/\/api.w.org\/{rel}","templated":true}]}}