{"id":4534,"date":"2025-10-16T08:16:00","date_gmt":"2025-10-16T08:16:00","guid":{"rendered":"https:\/\/www.france-herboristerie.com\/actualites\/?p=4534"},"modified":"2025-10-08T15:25:50","modified_gmt":"2025-10-08T15:25:50","slug":"bienfais-elixir-du-suedois","status":"publish","type":"post","link":"https:\/\/www.france-herboristerie.com\/actualites\/bienfais-elixir-du-suedois\/","title":{"rendered":"Quels sont les bienfaits de l\u2019\u00c9lixir du Su\u00e9dois ?\u00a0"},"content":{"rendered":"\n<div style=\"height:30px\" aria-hidden=\"true\" class=\"wp-block-spacer\"><\/div>\n\n\n\n<div class=\"wp-block-media-text is-stacked-on-mobile\"><figure class=\"wp-block-media-text__media\"><img loading=\"lazy\" decoding=\"async\" width=\"1024\" height=\"683\" src=\"https:\/\/www.france-herboristerie.com\/actualites\/wp-content\/uploads\/2025\/10\/gros-plan-femme-mains-faconner-coeur-ventre-1024x683.jpg\" alt=\"bien-\u00eatre digestion\" class=\"wp-image-4546 size-full\" srcset=\"https:\/\/www.france-herboristerie.com\/actualites\/wp-content\/uploads\/2025\/10\/gros-plan-femme-mains-faconner-coeur-ventre-1024x683.jpg 1024w, https:\/\/www.france-herboristerie.com\/actualites\/wp-content\/uploads\/2025\/10\/gros-plan-femme-mains-faconner-coeur-ventre-300x200.jpg 300w, https:\/\/www.france-herboristerie.com\/actualites\/wp-content\/uploads\/2025\/10\/gros-plan-femme-mains-faconner-coeur-ventre-768x512.jpg 768w, https:\/\/www.france-herboristerie.com\/actualites\/wp-content\/uploads\/2025\/10\/gros-plan-femme-mains-faconner-coeur-ventre.jpg 1368w\" sizes=\"auto, (max-width: 1024px) 100vw, 1024px\" \/><\/figure><div class=\"wp-block-media-text__content\">\n<p>L\u2019<a href=\"https:\/\/www.france-herboristerie.com\/121-elixir-du-suedois\">\u00c9lixir du Su\u00e9dois<\/a> est l\u2019un de ces rem\u00e8des traditionnels de phytoth\u00e9rapie que l\u2019on garde pr\u00e9cieusement dans sa pharmacie naturelle. Utilis\u00e9 depuis des si\u00e8cles pour ses nombreuses vertus m\u00e9dicinales, il agit sur plusieurs fonctions essentielles du corps. Ce m\u00e9lange de plantes am\u00e8res agit sur la digestion, le foie et le syst\u00e8me immunitaire. Il soutient \u00e9galement l\u2019organisme dans les p\u00e9riodes de fatigue, de stress ou de d\u00e9s\u00e9quilibre. En usage interne ou externe, il s\u2019inscrit parfaitement dans un mode de vie sain fond\u00e9 sur la phytoth\u00e9rapie et l\u2019\u00e9quilibre naturel.&nbsp;<\/p>\n<\/div><\/div>\n\n\n\n<div style=\"height:30px\" aria-hidden=\"true\" class=\"wp-block-spacer\"><\/div>\n\n\n\n<h2 class=\"wp-block-heading\">Histoire et origine d\u2019un rem\u00e8de ancestral<\/h2>\n\n\n\n<p>L\u2019histoire de l\u2019\u00c9lixir du Su\u00e9dois remonte au Moyen \u00c2ge. \u00c0 l\u2019origine, il s\u2019agissait d\u2019une recette originale mise au point au XVIII\u1d49 si\u00e8cle par un m\u00e9decin su\u00e9dois, le docteur Claus Samst, qui consigna sa formule dans ses \u00e9crits. Cet \u00e9lixir \u00e9tait alors per\u00e7u comme une th\u00e9riaque v\u00e9nitienne, un breuvage consid\u00e9r\u00e9 comme un contrepoison, un d\u00e9puratif et un tonique g\u00e9n\u00e9ral.<\/p>\n\n\n\n<p>Au fil des si\u00e8cles, cette pr\u00e9paration s\u2019est transmise, enrichie, adapt\u00e9e, et a travers\u00e9 les \u00e9poques jusqu\u2019\u00e0 la fin du XIX\u1d49 si\u00e8cle, o\u00f9 elle fut red\u00e9couverte et popularis\u00e9e par Maria Treben, une c\u00e9l\u00e8bre herboriste autrichienne. Dans ses ouvrages, notamment <em>La Sant\u00e9 \u00e0 la Pharmacie du Bon Dieu<\/em>, elle vante les bienfaits de ce rem\u00e8de, qu\u2019elle consid\u00e9rait comme un v\u00e9ritable \u00ab \u00e9lixir de vie \u00bb, capable de soulager un grand nombre de maux et stimuler les d\u00e9fenses naturelles du corps.<\/p>\n\n\n\n<p>Aujourd\u2019hui, cette tradition est devenue une r\u00e9f\u00e9rence en phytoth\u00e9rapie moderne, notamment gr\u00e2ce \u00e0 des <a href=\"https:\/\/www.france-herboristerie.com\/\">herboristeries sp\u00e9cialis\u00e9es<\/a>, qui proposent des versions respectant la recette originale.<\/p>\n\n\n\n<div style=\"height:30px\" aria-hidden=\"true\" class=\"wp-block-spacer\"><\/div>\n\n\n\n<h2 class=\"wp-block-heading\">Une composition riche en plantes m\u00e9dicinales<\/h2>\n\n\n\n<p>L\u2019efficacit\u00e9 de l\u2019\u00e9lixir du Su\u00e9dois repose sur la composition minutieuse d\u2019une quinzaine de plantes m\u00e9dicinales et de substances naturelles mac\u00e9r\u00e9es dans de l\u2019alcool de grain pendant plusieurs semaines. Chaque ingr\u00e9dient poss\u00e8de des propri\u00e9t\u00e9s toniques, digestives et d\u00e9puratives.<\/p>\n\n\n\n<div style=\"height:15px\" aria-hidden=\"true\" class=\"wp-block-spacer\"><\/div>\n\n\n\n<h3 class=\"wp-block-heading\">Les racines, piliers du m\u00e9lange<\/h3>\n\n\n\n<ul class=\"wp-block-list\">\n<li><strong>Racine de gentiane<\/strong> : stimule la production de sucs gastriques et am\u00e9liore le confort digestif.<\/li>\n\n\n\n<li><strong>Racine de rhubarbe<\/strong> : agit comme un laxatif doux, facilite le transit intestinal et aide \u00e0 soulager la constipation.<\/li>\n\n\n\n<li><strong>Racine de carline<\/strong> : purifiante et d\u00e9purative, elle soutient la d\u00e9toxification du foie.<\/li>\n\n\n\n<li><strong>Racine de z\u00e9doaire<\/strong> (ou curcuma zedoaria) : proche du curcuma, elle poss\u00e8de des vertus anti-inflammatoires et stimulantes sur le syst\u00e8me digestif.<\/li>\n\n\n\n<li><strong>Racine de ginseng<\/strong> (pr\u00e9sente dans certaines versions modernes) : apporte une action tonique et revitalisante sur le syst\u00e8me nerveux.<\/li>\n<\/ul>\n\n\n\n<div style=\"height:15px\" aria-hidden=\"true\" class=\"wp-block-spacer\"><\/div>\n\n\n\n<h3 class=\"wp-block-heading\">Les autres composants essentiels<\/h3>\n\n\n\n<ul class=\"wp-block-list\">\n<li>Myrrhe : connue pour ses effets anti-inflammatoires et antiseptiques.<\/li>\n\n\n\n<li>Aloe vera : soutient la digestion, apaise les muqueuses et participe \u00e0 l\u2019\u00e9limination des toxines.<\/li>\n\n\n\n<li>Curcuma : stimule le foie et r\u00e9duit les ballonnements.<\/li>\n<\/ul>\n\n\n\n<p>Ce cocktail de plantes agit en synergie pour soutenir les fonctions h\u00e9patiques, la circulation sanguine et l\u2019\u00e9limination des d\u00e9chets m\u00e9taboliques.&nbsp;<\/p>\n\n\n\n<div style=\"height:16px\" aria-hidden=\"true\" class=\"wp-block-spacer\"><\/div>\n\n\n\n<h2 class=\"wp-block-heading\">Les principaux bienfaits de l\u2019\u00e9lixir du Su\u00e9dois<\/h2>\n\n\n\n<h3 class=\"wp-block-heading\">L\u2019\u00c9lixir du Su\u00e9dois et son effet digestif<\/h3>\n\n\n\n<p>C\u2019est le premier effet que l\u2019on remarque : l\u2019\u00e9lixir est efficace pour la digestion. Pris apr\u00e8s un repas copieux, une cuill\u00e8re \u00e0 caf\u00e9 dilu\u00e9e aide \u00e0 pr\u00e9venir les lourdeurs d\u2019estomac, les flatulences et les ballonnements.<\/p>\n\n\n\n<p>Gr\u00e2ce \u00e0 son action digestive et tonique, il relance la s\u00e9cr\u00e9tion gastrique et biliaire. En quelques jours, on observe souvent un meilleur confort digestif et une bonne assimilation des nutriments. C\u2019est un compl\u00e9ment alimentaire id\u00e9al pour maintenir un transit intestinal harmonieux.<\/p>\n\n\n\n<div style=\"height:15px\" aria-hidden=\"true\" class=\"wp-block-spacer\"><\/div>\n\n\n\n<h3 class=\"wp-block-heading\">Une action d\u00e9purative et d\u00e9toxifiante<\/h3>\n\n\n\n<p>Gr\u00e2ce \u00e0 ses plantes d\u00e9puratives (rhubarbe, carline, aloe vera, z\u00e9doaire), il soutient le foie, les reins et la v\u00e9sicule biliaire dans leur r\u00f4le d\u2019\u00e9limination des toxines. Cette d\u00e9toxification progressive aide le corps \u00e0 se r\u00e9g\u00e9n\u00e9rer et renforce la vitalit\u00e9 g\u00e9n\u00e9rale.<\/p>\n\n\n\n<p>De nombreuses personnes l\u2019utilisent en cure d\u00e9tox saisonni\u00e8re, notamment au printemps ou \u00e0 l\u2019automne, pour accompagner le corps lors des changements de rythme.<\/p>\n\n\n\n<div style=\"height:15px\" aria-hidden=\"true\" class=\"wp-block-spacer\"><\/div>\n\n\n\n<h3 class=\"wp-block-heading\">Un tonique g\u00e9n\u00e9ral pour le corps<\/h3>\n\n\n\n<p>Gr\u00e2ce \u00e0 son action tonique, l\u2019\u00e9lixir du Su\u00e9dois aide \u00e0 combattre la fatigue physique et nerveuse. La racine de ginseng et les extraits amers de gentiane stimulent les fonctions vitales, am\u00e9liorent la concentration et renforcent le syst\u00e8me immunitaire.<\/p>\n\n\n\n<p>Ce stimulant naturel aide \u00e0 lutter contre la fatigue, le surmenage, la convalescence, le stress, le manque d\u2019\u00e9nergie. Il agit comme un soutien global de l\u2019organisme et am\u00e9liore la r\u00e9sistance physique.&nbsp;<\/p>\n\n\n\n<div style=\"height:15px\" aria-hidden=\"true\" class=\"wp-block-spacer\"><\/div>\n\n\n\n<h3 class=\"wp-block-heading\">Des propri\u00e9t\u00e9s anti-inflammatoires et apaisantes<\/h3>\n\n\n\n<p>Certaines plantes de la formule, comme la myrrhe ou la z\u00e9doaire, apportent un effet anti-inflammatoire naturel. L\u2019\u00e9lixir peut ainsi contribuer \u00e0 soulager des maux de t\u00eate, des douleurs articulaires ou de l\u00e9g\u00e8res inflammations digestives. En application externe, il peut aider \u00e0 apaiser la peau en cas de piq\u00fbres ou d\u2019inflammations l\u00e9g\u00e8res. Cette polyvalence en fait un alli\u00e9 de choix dans une phytoth\u00e9rapie du quotidien.<\/p>\n\n\n\n<div style=\"height:29px\" aria-hidden=\"true\" class=\"wp-block-spacer\"><\/div>\n\n\n\n<h2 class=\"wp-block-heading\">Utilisation et pr\u00e9cautions d\u2019emploi<\/h2>\n\n\n\n<h3 class=\"wp-block-heading\">Usage interne<\/h3>\n\n\n\n<p>En voie interne, l\u2019\u00e9lixir peut se consommer pur ou dilu\u00e9 dans un peu d\u2019eau ou de <a href=\"https:\/\/www.france-herboristerie.com\/153-tisanes\">tisane<\/a>.<\/p>\n\n\n\n<p>La dose conseill\u00e9e d\u00e9pend du degr\u00e9 alcoolique choisi :<\/p>\n\n\n\n<ul class=\"wp-block-list\">\n<li>Pour la version <a href=\"https:\/\/www.france-herboristerie.com\/elixir-du-suedois\/358387-elixir-du-suedois-bio-17-300-ml-3760029840069.html\">\u00e9lixir du Su\u00e9dois 17\u00b0<\/a>, une cuill\u00e8re \u00e0 caf\u00e9 apr\u00e8s les repas suffit.<\/li>\n\n\n\n<li>Pour la version \u00e9lixir du Su\u00e9dois 40\u00b0, plus concentr\u00e9e, quelques gouttes dilu\u00e9es peuvent suffire.<\/li>\n<\/ul>\n\n\n\n<figure class=\"wp-block-image size-full is-resized\"><a href=\"https:\/\/www.france-herboristerie.com\/elixir-du-suedois\/358387-elixir-du-suedois-bio-17-300-ml-3760029840069.html\"><img loading=\"lazy\" decoding=\"async\" width=\"800\" height=\"800\" src=\"https:\/\/www.france-herboristerie.com\/actualites\/wp-content\/uploads\/2025\/10\/elixir-du-suedois-bio-17-300-ml.jpg\" alt=\"\u00e9lixir du su\u00e9dois bio 17\u00b0 300 ml\" class=\"wp-image-4553\" style=\"width:232px;height:auto\" srcset=\"https:\/\/www.france-herboristerie.com\/actualites\/wp-content\/uploads\/2025\/10\/elixir-du-suedois-bio-17-300-ml.jpg 800w, https:\/\/www.france-herboristerie.com\/actualites\/wp-content\/uploads\/2025\/10\/elixir-du-suedois-bio-17-300-ml-300x300.jpg 300w, https:\/\/www.france-herboristerie.com\/actualites\/wp-content\/uploads\/2025\/10\/elixir-du-suedois-bio-17-300-ml-150x150.jpg 150w, https:\/\/www.france-herboristerie.com\/actualites\/wp-content\/uploads\/2025\/10\/elixir-du-suedois-bio-17-300-ml-768x768.jpg 768w\" sizes=\"auto, (max-width: 800px) 100vw, 800px\" \/><\/a><\/figure>\n\n\n\n<figure class=\"wp-block-image size-full is-resized\"><a href=\"https:\/\/www.france-herboristerie.com\/elixir-du-suedois\/358205-elixir-du-suedois-veritable-40-bio-300ml-biofloral-3760029840076.html\"><img loading=\"lazy\" decoding=\"async\" width=\"800\" height=\"800\" src=\"https:\/\/www.france-herboristerie.com\/actualites\/wp-content\/uploads\/2025\/10\/elixir-du-suedois-veritable-40-bio-300ml-biofloral.jpg\" alt=\"elixir du suedois veritable 40\u00b0 bio 300ml biofloral\" class=\"wp-image-4536\" style=\"width:240px;height:auto\" srcset=\"https:\/\/www.france-herboristerie.com\/actualites\/wp-content\/uploads\/2025\/10\/elixir-du-suedois-veritable-40-bio-300ml-biofloral.jpg 800w, https:\/\/www.france-herboristerie.com\/actualites\/wp-content\/uploads\/2025\/10\/elixir-du-suedois-veritable-40-bio-300ml-biofloral-300x300.jpg 300w, https:\/\/www.france-herboristerie.com\/actualites\/wp-content\/uploads\/2025\/10\/elixir-du-suedois-veritable-40-bio-300ml-biofloral-150x150.jpg 150w, https:\/\/www.france-herboristerie.com\/actualites\/wp-content\/uploads\/2025\/10\/elixir-du-suedois-veritable-40-bio-300ml-biofloral-768x768.jpg 768w\" sizes=\"auto, (max-width: 800px) 100vw, 800px\" \/><\/a><\/figure>\n\n\n\n<p>Le choix entre l\u2019\u00e9lixir du Su\u00e9dois 17\u00b0 vs 40\u00b0 d\u00e9pend de la tol\u00e9rance et l\u2019usage recherch\u00e9 : le 17\u00b0 convient bien \u00e0 un usage r\u00e9gulier, en pr\u00e9vention digestive, tandis que le 40\u00b0 est plus adapt\u00e9 aux cures ponctuelles. L\u2019\u00e9lixir peut aussi se prendre en cure d\u00e9purative de 2 \u00e0 3 semaines pour stimuler la d\u00e9toxification et renforcer l\u2019action tonique du corps.<\/p>\n\n\n\n<p>Il est essentiel de ne pas d\u00e9passer la dose journali\u00e8re conseill\u00e9e et de tenir le flacon hors de port\u00e9e des enfants.<\/p>\n\n\n\n<div style=\"height:15px\" aria-hidden=\"true\" class=\"wp-block-spacer\"><\/div>\n\n\n\n<h3 class=\"wp-block-heading\">Usage externe<\/h3>\n\n\n\n<p>En voie externe, l\u2019\u00e9lixir s\u2019utilise sous forme de compresses, d\u2019application externe ou de frictions.<\/p>\n\n\n\n<p>Il aide \u00e0 soulager les douleurs musculaires, les piq\u00fbres d\u2019insectes, les contusions ou les maux de t\u00eate l\u00e9gers.<\/p>\n\n\n\n<p>Appliqu\u00e9 sur la peau, il procure une sensation de chaleur et favorise la circulation sanguine locale. On peut aussi l\u2019utiliser en application externe sur le ventre pour apaiser les lourdeurs d\u2019estomac.<\/p>\n\n\n\n<div style=\"height:30px\" aria-hidden=\"true\" class=\"wp-block-spacer\"><\/div>\n\n\n\n<h2 class=\"wp-block-heading\">Pr\u00e9parer son \u00e9lixir su\u00e9dois maison<\/h2>\n\n\n\n<div class=\"wp-block-media-text is-stacked-on-mobile\" style=\"grid-template-columns:26% auto\"><figure class=\"wp-block-media-text__media\"><a href=\"https:\/\/www.france-herboristerie.com\/elixir-du-suedois\/358205-elixir-du-suedois-veritable-40-bio-300ml-biofloral-3760029840076.html\"><img loading=\"lazy\" decoding=\"async\" width=\"800\" height=\"800\" src=\"https:\/\/www.france-herboristerie.com\/actualites\/wp-content\/uploads\/2025\/10\/elixir-du-suedois-veritable-40-bio-300ml-biofloral.jpg\" alt=\"elixir du suedois veritable 40\u00b0 bio 300ml biofloral\" class=\"wp-image-4536 size-full\" srcset=\"https:\/\/www.france-herboristerie.com\/actualites\/wp-content\/uploads\/2025\/10\/elixir-du-suedois-veritable-40-bio-300ml-biofloral.jpg 800w, https:\/\/www.france-herboristerie.com\/actualites\/wp-content\/uploads\/2025\/10\/elixir-du-suedois-veritable-40-bio-300ml-biofloral-300x300.jpg 300w, https:\/\/www.france-herboristerie.com\/actualites\/wp-content\/uploads\/2025\/10\/elixir-du-suedois-veritable-40-bio-300ml-biofloral-150x150.jpg 150w, https:\/\/www.france-herboristerie.com\/actualites\/wp-content\/uploads\/2025\/10\/elixir-du-suedois-veritable-40-bio-300ml-biofloral-768x768.jpg 768w\" sizes=\"auto, (max-width: 800px) 100vw, 800px\" \/><\/a><\/figure><div class=\"wp-block-media-text__content\">\n<p>Il est possible de pr\u00e9parer son propre \u00e9lixir su\u00e9dois maison, \u00e0 condition de respecter les dosages et les temps de mac\u00e9ration.<\/p>\n\n\n\n<p>La base consiste \u00e0 faire mac\u00e9rer un m\u00e9lange de plantes (gentiane, rhubarbe, carline, z\u00e9doaire, myrrhe, aloe vera, curcuma\u2026) dans de l\u2019alcool de grain \u00e0 40\u00b0 pendant deux semaines.<\/p>\n\n\n\n<p>La mac\u00e9ration donne naissance \u00e0 une liqueur m\u00e9dicinale que l\u2019on filtre dans un flacon en verre teint\u00e9 avant usage.<\/p>\n\n\n\n<p>Cette recette originale permet d\u2019obtenir une version personnalis\u00e9e, mais il est important d\u2019utiliser des plantes issues de l\u2019agriculture biologique et de bien v\u00e9rifier les proportions traditionnelles.<\/p>\n\n\n\n<p>Pour celles et ceux qui pr\u00e9f\u00e8rent une solution pr\u00eate \u00e0 l\u2019emploi, France Herboristerie propose une version authentique et certifi\u00e9e biologique : <a href=\"https:\/\/www.france-herboristerie.com\/elixir-du-suedois\/358205-elixir-du-suedois-veritable-40-bio-300ml-biofloral-3760029840076.html\">\u00c9lixir du Su\u00e9dois V\u00e9ritable 40\u00b0 Bio<\/a>.<\/p>\n<\/div><\/div>\n\n\n\n<div style=\"height:30px\" aria-hidden=\"true\" class=\"wp-block-spacer\"><\/div>\n\n\n\n<h2 class=\"wp-block-heading\">Quels sont les effets secondaires de l\u2019\u00e9lixir du Su\u00e9dois ?<\/h2>\n\n\n\n<p>M\u00eame s\u2019il est naturel, ce compl\u00e9ment alimentaire contient de l\u2019alcool et des substances am\u00e8res qui peuvent provoquer, chez certaines personnes, des r\u00e9actions digestives l\u00e9g\u00e8res (naus\u00e9es, br\u00fblures, diarrh\u00e9e).<\/p>\n\n\n\n<p>L\u2019\u00e9lixir du Su\u00e9dois est d\u00e9conseill\u00e9 en cas d\u2019occlusion intestinale, de maladies h\u00e9patiques graves ou chez les femmes enceintes et allaitantes. En cas de maux de t\u00eate persistants, constipation chronique ou insomnie, il convient de <strong>consulter un professionnel de sant\u00e9<\/strong>.<\/p>\n\n\n\n<p>Pour les personnes sensibles \u00e0 l\u2019alcool, il existe des versions sans alcool ou moins titr\u00e9es (\u00e9lixir du Su\u00e9dois 17\u00b0), adapt\u00e9es \u00e0 un usage quotidien plus doux.<\/p>\n\n\n\n<p>Utilis\u00e9 dans le cadre d\u2019un mode de vie sain, ce breuvage ancien reste aujourd\u2019hui un alli\u00e9 pr\u00e9cieux pour favoriser la vitalit\u00e9, la digestion et l\u2019\u00e9quilibre g\u00e9n\u00e9ral du corps. <strong>Commandez-le d\u00e8s aujourd\u2019hui<\/strong>.&nbsp;<\/p>\n","protected":false},"excerpt":{"rendered":"<p>L\u2019\u00c9lixir du Su\u00e9dois est l\u2019un de ces rem\u00e8des traditionnels de phytoth\u00e9rapie que l\u2019on garde pr\u00e9cieusement dans sa pharmacie naturelle. Utilis\u00e9 depuis des si\u00e8cles pour ses nombreuses vertus m\u00e9dicinales, il agit sur plusieurs fonctions essentielles du corps. Ce m\u00e9lange de plantes am\u00e8res agit sur la digestion, le foie et le syst\u00e8me immunitaire. Il soutient \u00e9galement l\u2019organisme [&hellip;]<\/p>\n","protected":false},"author":5,"featured_media":4541,"comment_status":"closed","ping_status":"open","sticky":false,"template":"","format":"standard","meta":{"_acf_changed":false,"footnotes":""},"categories":[111],"tags":[],"class_list":["post-4534","post","type-post","status-publish","format-standard","has-post-thumbnail","hentry","category-non-classifiee"],"acf":[],"yoast_head":"<!-- This site is optimized with the Yoast SEO plugin v26.4 - https:\/\/yoast.com\/wordpress\/plugins\/seo\/ -->\n<title>\u00c9lixir du Su\u00e9dois : histoire, ingr\u00e9dients et bienfaits<\/title>\n<meta name=\"description\" content=\"L\u2019\u00e9lixir du Su\u00e9dois agit sur le foie, le transit intestinal et les douleurs l\u00e9g\u00e8res gr\u00e2ce \u00e0 sa formule traditionnelle et tonique. Commandez-le maintenant.\" \/>\n<meta name=\"robots\" content=\"index, follow, max-snippet:-1, max-image-preview:large, max-video-preview:-1\" \/>\n<link rel=\"canonical\" href=\"https:\/\/www.france-herboristerie.com\/actualites\/bienfais-elixir-du-suedois\/\" \/>\n<meta property=\"og:locale\" content=\"fr_FR\" \/>\n<meta property=\"og:type\" content=\"article\" \/>\n<meta property=\"og:title\" content=\"\u00c9lixir du Su\u00e9dois : histoire, ingr\u00e9dients et bienfaits\" \/>\n<meta property=\"og:description\" content=\"L\u2019\u00e9lixir du Su\u00e9dois agit sur le foie, le transit intestinal et les douleurs l\u00e9g\u00e8res gr\u00e2ce \u00e0 sa formule traditionnelle et tonique. Commandez-le maintenant.\" \/>\n<meta property=\"og:url\" content=\"https:\/\/www.france-herboristerie.com\/actualites\/bienfais-elixir-du-suedois\/\" \/>\n<meta property=\"og:site_name\" content=\"Blog France Herboristerie\" \/>\n<meta property=\"article:publisher\" content=\"https:\/\/www.facebook.com\/franceherboristerie\/\" \/>\n<meta property=\"article:published_time\" content=\"2025-10-16T08:16:00+00:00\" \/>\n<meta property=\"og:image\" content=\"https:\/\/www.france-herboristerie.com\/actualites\/wp-content\/uploads\/2025\/10\/femme-mal-ventre.jpg\" \/>\n\t<meta property=\"og:image:width\" content=\"1500\" \/>\n\t<meta property=\"og:image:height\" content=\"1000\" \/>\n\t<meta property=\"og:image:type\" content=\"image\/jpeg\" \/>\n<meta name=\"author\" content=\"Claire CHALLAND\" \/>\n<meta name=\"twitter:card\" content=\"summary_large_image\" \/>\n<meta name=\"twitter:label1\" content=\"\u00c9crit par\" \/>\n\t<meta name=\"twitter:data1\" content=\"Claire CHALLAND\" \/>\n\t<meta name=\"twitter:label2\" content=\"Dur\u00e9e de lecture estim\u00e9e\" \/>\n\t<meta name=\"twitter:data2\" content=\"8 minutes\" \/>\n<script type=\"application\/ld+json\" class=\"yoast-schema-graph\">{\"@context\":\"https:\/\/schema.org\",\"@graph\":[{\"@type\":\"Article\",\"@id\":\"https:\/\/www.france-herboristerie.com\/actualites\/bienfais-elixir-du-suedois\/#article\",\"isPartOf\":{\"@id\":\"https:\/\/www.france-herboristerie.com\/actualites\/bienfais-elixir-du-suedois\/\"},\"author\":{\"name\":\"Claire CHALLAND\",\"@id\":\"https:\/\/www.france-herboristerie.com\/actualites\/#\/schema\/person\/3b583c0891a3ff828ba433633bff5ee2\"},\"headline\":\"Quels sont les bienfaits de l\u2019\u00c9lixir du Su\u00e9dois ?\u00a0\",\"datePublished\":\"2025-10-16T08:16:00+00:00\",\"mainEntityOfPage\":{\"@id\":\"https:\/\/www.france-herboristerie.com\/actualites\/bienfais-elixir-du-suedois\/\"},\"wordCount\":1411,\"publisher\":{\"@id\":\"https:\/\/www.france-herboristerie.com\/actualites\/#organization\"},\"image\":{\"@id\":\"https:\/\/www.france-herboristerie.com\/actualites\/bienfais-elixir-du-suedois\/#primaryimage\"},\"thumbnailUrl\":\"https:\/\/www.france-herboristerie.com\/actualites\/wp-content\/uploads\/2025\/10\/femme-mal-ventre.jpg\",\"articleSection\":[\"Non classifi\u00e9(e)\"],\"inLanguage\":\"fr-FR\"},{\"@type\":\"WebPage\",\"@id\":\"https:\/\/www.france-herboristerie.com\/actualites\/bienfais-elixir-du-suedois\/\",\"url\":\"https:\/\/www.france-herboristerie.com\/actualites\/bienfais-elixir-du-suedois\/\",\"name\":\"\u00c9lixir du Su\u00e9dois : histoire, ingr\u00e9dients et bienfaits\",\"isPartOf\":{\"@id\":\"https:\/\/www.france-herboristerie.com\/actualites\/#website\"},\"primaryImageOfPage\":{\"@id\":\"https:\/\/www.france-herboristerie.com\/actualites\/bienfais-elixir-du-suedois\/#primaryimage\"},\"image\":{\"@id\":\"https:\/\/www.france-herboristerie.com\/actualites\/bienfais-elixir-du-suedois\/#primaryimage\"},\"thumbnailUrl\":\"https:\/\/www.france-herboristerie.com\/actualites\/wp-content\/uploads\/2025\/10\/femme-mal-ventre.jpg\",\"datePublished\":\"2025-10-16T08:16:00+00:00\",\"description\":\"L\u2019\u00e9lixir du Su\u00e9dois agit sur le foie, le transit intestinal et les douleurs l\u00e9g\u00e8res gr\u00e2ce \u00e0 sa formule traditionnelle et tonique. Commandez-le maintenant.\",\"breadcrumb\":{\"@id\":\"https:\/\/www.france-herboristerie.com\/actualites\/bienfais-elixir-du-suedois\/#breadcrumb\"},\"inLanguage\":\"fr-FR\",\"potentialAction\":[{\"@type\":\"ReadAction\",\"target\":[\"https:\/\/www.france-herboristerie.com\/actualites\/bienfais-elixir-du-suedois\/\"]}]},{\"@type\":\"ImageObject\",\"inLanguage\":\"fr-FR\",\"@id\":\"https:\/\/www.france-herboristerie.com\/actualites\/bienfais-elixir-du-suedois\/#primaryimage\",\"url\":\"https:\/\/www.france-herboristerie.com\/actualites\/wp-content\/uploads\/2025\/10\/femme-mal-ventre.jpg\",\"contentUrl\":\"https:\/\/www.france-herboristerie.com\/actualites\/wp-content\/uploads\/2025\/10\/femme-mal-ventre.jpg\",\"width\":1500,\"height\":1000,\"caption\":\"Quels sont les bienfaits de l\u2019\u00c9lixir du Su\u00e9dois ?\"},{\"@type\":\"BreadcrumbList\",\"@id\":\"https:\/\/www.france-herboristerie.com\/actualites\/bienfais-elixir-du-suedois\/#breadcrumb\",\"itemListElement\":[{\"@type\":\"ListItem\",\"position\":1,\"name\":\"Blog\",\"item\":\"https:\/\/www.france-herboristerie.com\/actualites\/\"},{\"@type\":\"ListItem\",\"position\":2,\"name\":\"Quels sont les bienfaits de l\u2019\u00c9lixir du Su\u00e9dois ?\u00a0\"}]},{\"@type\":\"WebSite\",\"@id\":\"https:\/\/www.france-herboristerie.com\/actualites\/#website\",\"url\":\"https:\/\/www.france-herboristerie.com\/actualites\/\",\"name\":\"Le Blog de France Herboristerie\",\"description\":\"\",\"publisher\":{\"@id\":\"https:\/\/www.france-herboristerie.com\/actualites\/#organization\"},\"potentialAction\":[{\"@type\":\"SearchAction\",\"target\":{\"@type\":\"EntryPoint\",\"urlTemplate\":\"https:\/\/www.france-herboristerie.com\/actualites\/?s={search_term_string}\"},\"query-input\":{\"@type\":\"PropertyValueSpecification\",\"valueRequired\":true,\"valueName\":\"search_term_string\"}}],\"inLanguage\":\"fr-FR\"},{\"@type\":\"Organization\",\"@id\":\"https:\/\/www.france-herboristerie.com\/actualites\/#organization\",\"name\":\"France Herboristerie\",\"url\":\"https:\/\/www.france-herboristerie.com\/actualites\/\",\"logo\":{\"@type\":\"ImageObject\",\"inLanguage\":\"fr-FR\",\"@id\":\"https:\/\/www.france-herboristerie.com\/actualites\/#\/schema\/logo\/image\/\",\"url\":\"https:\/\/www.france-herboristerie.com\/actualites\/wp-content\/uploads\/2025\/01\/logo-FH.png\",\"contentUrl\":\"https:\/\/www.france-herboristerie.com\/actualites\/wp-content\/uploads\/2025\/01\/logo-FH.png\",\"width\":2278,\"height\":476,\"caption\":\"France Herboristerie\"},\"image\":{\"@id\":\"https:\/\/www.france-herboristerie.com\/actualites\/#\/schema\/logo\/image\/\"},\"sameAs\":[\"https:\/\/www.facebook.com\/franceherboristerie\/\",\"https:\/\/www.instagram.com\/france_herboristerie\/\",\"https:\/\/fr.linkedin.com\/company\/france-herboristerie\"]},{\"@type\":\"Person\",\"@id\":\"https:\/\/www.france-herboristerie.com\/actualites\/#\/schema\/person\/3b583c0891a3ff828ba433633bff5ee2\",\"name\":\"Claire CHALLAND\",\"url\":\"https:\/\/www.france-herboristerie.com\/actualites\/author\/claire-c\/\"}]}<\/script>\n<!-- \/ Yoast SEO plugin. -->","yoast_head_json":{"title":"\u00c9lixir du Su\u00e9dois : histoire, ingr\u00e9dients et bienfaits","description":"L\u2019\u00e9lixir du Su\u00e9dois agit sur le foie, le transit intestinal et les douleurs l\u00e9g\u00e8res gr\u00e2ce \u00e0 sa formule traditionnelle et tonique. Commandez-le maintenant.","robots":{"index":"index","follow":"follow","max-snippet":"max-snippet:-1","max-image-preview":"max-image-preview:large","max-video-preview":"max-video-preview:-1"},"canonical":"https:\/\/www.france-herboristerie.com\/actualites\/bienfais-elixir-du-suedois\/","og_locale":"fr_FR","og_type":"article","og_title":"\u00c9lixir du Su\u00e9dois : histoire, ingr\u00e9dients et bienfaits","og_description":"L\u2019\u00e9lixir du Su\u00e9dois agit sur le foie, le transit intestinal et les douleurs l\u00e9g\u00e8res gr\u00e2ce \u00e0 sa formule traditionnelle et tonique. Commandez-le maintenant.","og_url":"https:\/\/www.france-herboristerie.com\/actualites\/bienfais-elixir-du-suedois\/","og_site_name":"Blog France Herboristerie","article_publisher":"https:\/\/www.facebook.com\/franceherboristerie\/","article_published_time":"2025-10-16T08:16:00+00:00","og_image":[{"width":1500,"height":1000,"url":"https:\/\/www.france-herboristerie.com\/actualites\/wp-content\/uploads\/2025\/10\/femme-mal-ventre.jpg","type":"image\/jpeg"}],"author":"Claire CHALLAND","twitter_card":"summary_large_image","twitter_misc":{"\u00c9crit par":"Claire CHALLAND","Dur\u00e9e de lecture estim\u00e9e":"8 minutes"},"schema":{"@context":"https:\/\/schema.org","@graph":[{"@type":"Article","@id":"https:\/\/www.france-herboristerie.com\/actualites\/bienfais-elixir-du-suedois\/#article","isPartOf":{"@id":"https:\/\/www.france-herboristerie.com\/actualites\/bienfais-elixir-du-suedois\/"},"author":{"name":"Claire CHALLAND","@id":"https:\/\/www.france-herboristerie.com\/actualites\/#\/schema\/person\/3b583c0891a3ff828ba433633bff5ee2"},"headline":"Quels sont les bienfaits de l\u2019\u00c9lixir du Su\u00e9dois ?\u00a0","datePublished":"2025-10-16T08:16:00+00:00","mainEntityOfPage":{"@id":"https:\/\/www.france-herboristerie.com\/actualites\/bienfais-elixir-du-suedois\/"},"wordCount":1411,"publisher":{"@id":"https:\/\/www.france-herboristerie.com\/actualites\/#organization"},"image":{"@id":"https:\/\/www.france-herboristerie.com\/actualites\/bienfais-elixir-du-suedois\/#primaryimage"},"thumbnailUrl":"https:\/\/www.france-herboristerie.com\/actualites\/wp-content\/uploads\/2025\/10\/femme-mal-ventre.jpg","articleSection":["Non classifi\u00e9(e)"],"inLanguage":"fr-FR"},{"@type":"WebPage","@id":"https:\/\/www.france-herboristerie.com\/actualites\/bienfais-elixir-du-suedois\/","url":"https:\/\/www.france-herboristerie.com\/actualites\/bienfais-elixir-du-suedois\/","name":"\u00c9lixir du Su\u00e9dois : histoire, ingr\u00e9dients et bienfaits","isPartOf":{"@id":"https:\/\/www.france-herboristerie.com\/actualites\/#website"},"primaryImageOfPage":{"@id":"https:\/\/www.france-herboristerie.com\/actualites\/bienfais-elixir-du-suedois\/#primaryimage"},"image":{"@id":"https:\/\/www.france-herboristerie.com\/actualites\/bienfais-elixir-du-suedois\/#primaryimage"},"thumbnailUrl":"https:\/\/www.france-herboristerie.com\/actualites\/wp-content\/uploads\/2025\/10\/femme-mal-ventre.jpg","datePublished":"2025-10-16T08:16:00+00:00","description":"L\u2019\u00e9lixir du Su\u00e9dois agit sur le foie, le transit intestinal et les douleurs l\u00e9g\u00e8res gr\u00e2ce \u00e0 sa formule traditionnelle et tonique. Commandez-le maintenant.","breadcrumb":{"@id":"https:\/\/www.france-herboristerie.com\/actualites\/bienfais-elixir-du-suedois\/#breadcrumb"},"inLanguage":"fr-FR","potentialAction":[{"@type":"ReadAction","target":["https:\/\/www.france-herboristerie.com\/actualites\/bienfais-elixir-du-suedois\/"]}]},{"@type":"ImageObject","inLanguage":"fr-FR","@id":"https:\/\/www.france-herboristerie.com\/actualites\/bienfais-elixir-du-suedois\/#primaryimage","url":"https:\/\/www.france-herboristerie.com\/actualites\/wp-content\/uploads\/2025\/10\/femme-mal-ventre.jpg","contentUrl":"https:\/\/www.france-herboristerie.com\/actualites\/wp-content\/uploads\/2025\/10\/femme-mal-ventre.jpg","width":1500,"height":1000,"caption":"Quels sont les bienfaits de l\u2019\u00c9lixir du Su\u00e9dois ?"},{"@type":"BreadcrumbList","@id":"https:\/\/www.france-herboristerie.com\/actualites\/bienfais-elixir-du-suedois\/#breadcrumb","itemListElement":[{"@type":"ListItem","position":1,"name":"Blog","item":"https:\/\/www.france-herboristerie.com\/actualites\/"},{"@type":"ListItem","position":2,"name":"Quels sont les bienfaits de l\u2019\u00c9lixir du Su\u00e9dois ?\u00a0"}]},{"@type":"WebSite","@id":"https:\/\/www.france-herboristerie.com\/actualites\/#website","url":"https:\/\/www.france-herboristerie.com\/actualites\/","name":"Le Blog de France Herboristerie","description":"","publisher":{"@id":"https:\/\/www.france-herboristerie.com\/actualites\/#organization"},"potentialAction":[{"@type":"SearchAction","target":{"@type":"EntryPoint","urlTemplate":"https:\/\/www.france-herboristerie.com\/actualites\/?s={search_term_string}"},"query-input":{"@type":"PropertyValueSpecification","valueRequired":true,"valueName":"search_term_string"}}],"inLanguage":"fr-FR"},{"@type":"Organization","@id":"https:\/\/www.france-herboristerie.com\/actualites\/#organization","name":"France Herboristerie","url":"https:\/\/www.france-herboristerie.com\/actualites\/","logo":{"@type":"ImageObject","inLanguage":"fr-FR","@id":"https:\/\/www.france-herboristerie.com\/actualites\/#\/schema\/logo\/image\/","url":"https:\/\/www.france-herboristerie.com\/actualites\/wp-content\/uploads\/2025\/01\/logo-FH.png","contentUrl":"https:\/\/www.france-herboristerie.com\/actualites\/wp-content\/uploads\/2025\/01\/logo-FH.png","width":2278,"height":476,"caption":"France Herboristerie"},"image":{"@id":"https:\/\/www.france-herboristerie.com\/actualites\/#\/schema\/logo\/image\/"},"sameAs":["https:\/\/www.facebook.com\/franceherboristerie\/","https:\/\/www.instagram.com\/france_herboristerie\/","https:\/\/fr.linkedin.com\/company\/france-herboristerie"]},{"@type":"Person","@id":"https:\/\/www.france-herboristerie.com\/actualites\/#\/schema\/person\/3b583c0891a3ff828ba433633bff5ee2","name":"Claire CHALLAND","url":"https:\/\/www.france-herboristerie.com\/actualites\/author\/claire-c\/"}]}},"_links":{"self":[{"href":"https:\/\/www.france-herboristerie.com\/actualites\/wp-json\/wp\/v2\/posts\/4534","targetHints":{"allow":["GET"]}}],"collection":[{"href":"https:\/\/www.france-herboristerie.com\/actualites\/wp-json\/wp\/v2\/posts"}],"about":[{"href":"https:\/\/www.france-herboristerie.com\/actualites\/wp-json\/wp\/v2\/types\/post"}],"author":[{"embeddable":true,"href":"https:\/\/www.france-herboristerie.com\/actualites\/wp-json\/wp\/v2\/users\/5"}],"replies":[{"embeddable":true,"href":"https:\/\/www.france-herboristerie.com\/actualites\/wp-json\/wp\/v2\/comments?post=4534"}],"version-history":[{"count":3,"href":"https:\/\/www.france-herboristerie.com\/actualites\/wp-json\/wp\/v2\/posts\/4534\/revisions"}],"predecessor-version":[{"id":4560,"href":"https:\/\/www.france-herboristerie.com\/actualites\/wp-json\/wp\/v2\/posts\/4534\/revisions\/4560"}],"wp:featuredmedia":[{"embeddable":true,"href":"https:\/\/www.france-herboristerie.com\/actualites\/wp-json\/wp\/v2\/media\/4541"}],"wp:attachment":[{"href":"https:\/\/www.france-herboristerie.com\/actualites\/wp-json\/wp\/v2\/media?parent=4534"}],"wp:term":[{"taxonomy":"category","embeddable":true,"href":"https:\/\/www.france-herboristerie.com\/actualites\/wp-json\/wp\/v2\/categories?post=4534"},{"taxonomy":"post_tag","embeddable":true,"href":"https:\/\/www.france-herboristerie.com\/actualites\/wp-json\/wp\/v2\/tags?post=4534"}],"curies":[{"name":"wp","href":"https:\/\/api.w.org\/{rel}","templated":true}]}}